{"id":27915,"date":"2025-01-04T13:46:26","date_gmt":"2025-01-04T16:46:26","guid":{"rendered":"https:\/\/www.informasaoroque.com.br\/informasaoroque\/?p=27915"},"modified":"2026-08-17T08:45:26","modified_gmt":"2026-08-17T11:45:27","slug":"campanha-janeiro-branco-estimula-o-bem-estar-emocional","status":"publish","type":"post","link":"https:\/\/www.informasaoroque.com.br\/informasaoroque\/2025\/01\/04\/campanha-janeiro-branco-estimula-o-bem-estar-emocional\/","title":{"rendered":"Campanha Janeiro Branco estimula o bem-estar emocional"},"content":{"rendered":"\t\t<div data-elementor-type=\"wp-post\" data-elementor-id=\"27915\" class=\"elementor elementor-27915\" data-elementor-post-type=\"post\">\n\t\t\t\t<div class=\"elementor-element elementor-element-6201352f e-flex e-con-boxed e-con e-parent\" data-id=\"6201352f\" data-element_type=\"container\" data-e-type=\"container\" data-settings=\"{&quot;background_background&quot;:&quot;classic&quot;}\">\n\t\t\t\t\t<div class=\"e-con-inner\">\n\t\t<div class=\"elementor-element elementor-element-47265913 e-con-full e-flex e-con e-child\" data-id=\"47265913\" data-element_type=\"container\" data-e-type=\"container\">\n\t\t\t\t<div class=\"elementor-element elementor-element-3ed94932 uael-nav-menu-toggle-label-yes uael-menu-item-space-between uael-submenu-icon-arrow uael-link-redirect-child uael-nav-menu-label-align-right elementor-widget elementor-widget-uael-nav-menu\" data-id=\"3ed94932\" data-element_type=\"widget\" data-e-type=\"widget\" data-widget_type=\"uael-nav-menu.default\">\n\t\t\t\t<div class=\"elementor-widget-container\">\n\t\t\t\t\t\t\t\t<div class=\"uael-widget-container\">\n\t\t\t\t<div role=\"button\" class=\"uael-nav-menu__toggle elementor-clickable uael-flyout-trigger\" tabindex=\"0\">\n\t\t\t\t\t<span class=\"screen-reader-text\">Flyout Menu<\/span>\n\t\t\t\t\t\t<div class=\"uael-nav-menu-icon\" tabindex=\"0\" >\n\t\t\t\t\t\t\t<i aria-hidden=\"true\" class=\"fas fa-align-justify\"><\/i>\t\t\t\t\t\t<\/div>\n\t\t\t\t\t\t\t\t\t\t\t\t\t<span class=\"uael-nav-menu-label\">Menu<\/span>\n\t\t\t\t\t\t\t\t\t\t<\/div>\n\t\t\t\t<div class=\"uael-flyout-wrapper\" >\n\t\t\t\t\t<div class=\"uael-flyout-overlay elementor-clickable\"><\/div>\n\t\t\t\t\t<div class=\"uael-flyout-container\">\n\t\t\t\t\t\t<div id=\"uael-flyout-content-id-3ed94932\" class=\"uael-side uael-flyout-left uael-flyout-open\" data-layout=\"left\" data-flyout-type=\"normal\">\n\t\t\t\t\t\t\t<div class=\"uael-flyout-content push\">\n\t\t\t\t\t\t\t\t\t\t\t\t\t\t\t\t\t<nav ><ul id=\"menu-1-3ed94932\" class=\"uael-nav-menu\"><li id=\"menu-item-26446\" class=\"menu-item menu-item-type-taxonomy menu-item-object-category parent uael-creative-menu\"><a href=\"https:\/\/www.informasaoroque.com.br\/informasaoroque\/category\/eleicoes-2024\/\" class = \"uael-menu-item\">ELEI\u00c7\u00d5ES 2024<\/a><\/li>\n<li id=\"menu-item-18953\" class=\"menu-item menu-item-type-taxonomy menu-item-object-category menu-item-has-children parent uael-has-submenu uael-creative-menu\"><div class=\"uael-has-submenu-container\"><a href=\"https:\/\/www.informasaoroque.com.br\/informasaoroque\/category\/noticias\/\" class = \"uael-menu-item\">Not\u00edcias<span class='uael-menu-toggle sub-arrow uael-menu-child-0'><i class='fa'><\/i><\/span><\/a><\/div>\n<ul class=\"sub-menu\">\n\t<li id=\"menu-item-28951\" class=\"menu-item menu-item-type-post_type menu-item-object-page current_page_parent uael-creative-menu\"><a href=\"https:\/\/www.informasaoroque.com.br\/informasaoroque\/materias-postagens\/\" class = \"uael-sub-menu-item\">Informa S\u00e3o Roque &#8211; Not\u00edcias<\/a><\/li>\n<\/ul>\n<\/li>\n<li id=\"menu-item-22945\" class=\"menu-item menu-item-type-taxonomy menu-item-object-category parent uael-creative-menu\"><a href=\"https:\/\/www.informasaoroque.com.br\/informasaoroque\/category\/turismo\/eventos\/\" class = \"uael-menu-item\">Eventos<\/a><\/li>\n<li id=\"menu-item-19829\" class=\"menu-item menu-item-type-post_type menu-item-object-page parent uael-creative-menu\"><a href=\"https:\/\/www.informasaoroque.com.br\/informasaoroque\/contato\/\" class = \"uael-menu-item\">Contato<\/a><\/li>\n<li id=\"menu-item-18960\" class=\"menu-item menu-item-type-taxonomy menu-item-object-category menu-item-has-children parent uael-has-submenu uael-creative-menu\"><div class=\"uael-has-submenu-container\"><a href=\"https:\/\/www.informasaoroque.com.br\/informasaoroque\/category\/turismo\/\" class = \"uael-menu-item\">Turismo<span class='uael-menu-toggle sub-arrow uael-menu-child-0'><i class='fa'><\/i><\/span><\/a><\/div>\n<ul class=\"sub-menu\">\n\t<li id=\"menu-item-18961\" class=\"menu-item menu-item-type-taxonomy menu-item-object-category uael-creative-menu\"><a href=\"https:\/\/www.informasaoroque.com.br\/informasaoroque\/category\/turismo\/dicas\/\" class = \"uael-sub-menu-item\">Dicas<\/a><\/li>\n\t<li id=\"menu-item-23045\" class=\"menu-item menu-item-type-taxonomy menu-item-object-category uael-creative-menu\"><a href=\"https:\/\/www.informasaoroque.com.br\/informasaoroque\/category\/turismo\/eventos\/\" class = \"uael-sub-menu-item\">Eventos<\/a><\/li>\n\t<li id=\"menu-item-28629\" class=\"menu-item menu-item-type-post_type menu-item-object-page uael-creative-menu\"><a href=\"https:\/\/www.informasaoroque.com.br\/informasaoroque\/agenda-de-eventos-2026-sao-roque-sp-2\/\" class = \"uael-sub-menu-item\">AGENDA DA CIDADE 2025 \u2013 S\u00e3o Roque \u2013 SP<\/a><\/li>\n\t<li id=\"menu-item-19146\" class=\"menu-item menu-item-type-post_type menu-item-object-page uael-creative-menu\"><a href=\"https:\/\/www.informasaoroque.com.br\/informasaoroque\/morro-do-saboo-ares-europeus-nas-montanhas-sao-roquenses\/\" class = \"uael-sub-menu-item\">Morro do Sabo\u00f3 \u2013 Ares Europeus nas montanhas s\u00e3o-roquenses<\/a><\/li>\n\t<li id=\"menu-item-19145\" class=\"menu-item menu-item-type-post_type menu-item-object-page uael-creative-menu\"><a href=\"https:\/\/www.informasaoroque.com.br\/informasaoroque\/capela-de-santo-antonio\/\" class = \"uael-sub-menu-item\">Capela de Santo Ant\u00f4nio: Hist\u00f3ria, tombamento e inclus\u00e3o ao patrim\u00f4nio hist\u00f3rico e art\u00edstico nacional<\/a><\/li>\n<\/ul>\n<\/li>\n<li id=\"menu-item-18944\" class=\"menu-item menu-item-type-taxonomy menu-item-object-category menu-item-has-children parent uael-has-submenu uael-creative-menu\"><div class=\"uael-has-submenu-container\"><a href=\"https:\/\/www.informasaoroque.com.br\/informasaoroque\/category\/cultura\/\" class = \"uael-menu-item\">Cultura<span class='uael-menu-toggle sub-arrow uael-menu-child-0'><i class='fa'><\/i><\/span><\/a><\/div>\n<ul class=\"sub-menu\">\n\t<li id=\"menu-item-19682\" class=\"menu-item menu-item-type-post_type menu-item-object-page uael-creative-menu\"><a href=\"https:\/\/www.informasaoroque.com.br\/informasaoroque\/a-historia-de-sao-roque-o-santo-padroeiro\/\" class = \"uael-sub-menu-item\">A Hist\u00f3ria de S\u00e3o Roque \u2013 O Santo Padroeiro<\/a><\/li>\n\t<li id=\"menu-item-19144\" class=\"menu-item menu-item-type-post_type menu-item-object-page uael-creative-menu\"><a href=\"https:\/\/www.informasaoroque.com.br\/informasaoroque\/brasital-a-antiga-tecelagem-brasil-italia-que-transformou-se-no-centro-cultural-brasital\/\" class = \"uael-sub-menu-item\">Brasital \u2013 A antiga tecelagem \u201cEnrico Dell\u2019Acqua &#038; Cia\u201d que hoje abriga o Centro Educacional e Cultural Brasital<\/a><\/li>\n\t<li id=\"menu-item-19150\" class=\"menu-item menu-item-type-post_type menu-item-object-post uael-creative-menu\"><a href=\"https:\/\/www.informasaoroque.com.br\/informasaoroque\/2023\/04\/02\/a-contribuicao-da-colonia-italiana-para-a-formacao-da-vitivinicultura-em-sao-roque\/\" class = \"uael-sub-menu-item\">A contribui\u00e7\u00e3o da col\u00f4nia italiana para a forma\u00e7\u00e3o da vitivinicultura em S\u00e3o Roque<\/a><\/li>\n\t<li id=\"menu-item-19680\" class=\"menu-item menu-item-type-post_type menu-item-object-page uael-creative-menu\"><a href=\"https:\/\/www.informasaoroque.com.br\/informasaoroque\/hino-oficial-da-estancia-turistica-de-sao-roque\/\" class = \"uael-sub-menu-item\">Hino Oficial da Est\u00e2ncia Tur\u00edstica de S\u00e3o Roque<\/a><\/li>\n\t<li id=\"menu-item-19683\" class=\"menu-item menu-item-type-post_type menu-item-object-page uael-creative-menu\"><a href=\"https:\/\/www.informasaoroque.com.br\/informasaoroque\/descricao-do-brasao-de-armas-e-simbolos-municipais\/\" class = \"uael-sub-menu-item\">Descri\u00e7\u00e3o do Bras\u00e3o de Armas e S\u00edmbolos Municipais<\/a><\/li>\n\t<li id=\"menu-item-19681\" class=\"menu-item menu-item-type-post_type menu-item-object-page uael-creative-menu\"><a href=\"https:\/\/www.informasaoroque.com.br\/informasaoroque\/a-historia-da-antiga-festa-do-vinho\/\" class = \"uael-sub-menu-item\">A Hist\u00f3ria da antiga Festa do Vinho em S\u00e3o Roque e um pequeno hist\u00f3rico das Vinhas e do Vinho<\/a><\/li>\n\t<li id=\"menu-item-19684\" class=\"menu-item menu-item-type-post_type menu-item-object-page uael-creative-menu\"><a href=\"https:\/\/www.informasaoroque.com.br\/informasaoroque\/festas-de-agosto-uma-tradicao-historica\/\" class = \"uael-sub-menu-item\">Festas de Agosto: Uma Tradi\u00e7\u00e3o Hist\u00f3rica \u2013 Conhe\u00e7a a hist\u00f3ria da festa que faz parte do nosso roteiro tur\u00edstico<\/a><\/li>\n\t<li id=\"menu-item-19678\" class=\"menu-item menu-item-type-post_type menu-item-object-page uael-creative-menu\"><a href=\"https:\/\/www.informasaoroque.com.br\/informasaoroque\/brasital-a-antiga-tecelagem-brasil-italia-que-transformou-se-no-centro-cultural-brasital\/\" class = \"uael-sub-menu-item\">Brasital \u2013 A antiga tecelagem \u201cEnrico Dell\u2019Acqua &#038; Cia\u201d que hoje abriga o Centro Educacional e Cultural Brasital<\/a><\/li>\n<\/ul>\n<\/li>\n<li id=\"menu-item-18945\" class=\"menu-item menu-item-type-taxonomy menu-item-object-category parent uael-creative-menu\"><a href=\"https:\/\/www.informasaoroque.com.br\/informasaoroque\/category\/educacao\/\" class = \"uael-menu-item\">Educa\u00e7\u00e3o<\/a><\/li>\n<li id=\"menu-item-18950\" class=\"menu-item menu-item-type-taxonomy menu-item-object-category menu-item-has-children parent uael-has-submenu uael-creative-menu\"><div class=\"uael-has-submenu-container\"><a href=\"https:\/\/www.informasaoroque.com.br\/informasaoroque\/category\/meio-ambiente\/\" class = \"uael-menu-item\">Meio Ambiente<span class='uael-menu-toggle sub-arrow uael-menu-child-0'><i class='fa'><\/i><\/span><\/a><\/div>\n<ul class=\"sub-menu\">\n\t<li id=\"menu-item-19679\" class=\"menu-item menu-item-type-post_type menu-item-object-page uael-creative-menu\"><a href=\"https:\/\/www.informasaoroque.com.br\/informasaoroque\/dados-geograficos-e-ambientais\/\" class = \"uael-sub-menu-item\">Dados Geogr\u00e1ficos e Ambientais<\/a><\/li>\n\t<li id=\"menu-item-28774\" class=\"menu-item menu-item-type-post_type menu-item-object-page uael-creative-menu\"><a href=\"https:\/\/www.informasaoroque.com.br\/informasaoroque\/itinerario-da-coleta-de-reciclavel-em-sao-roque\/\" class = \"uael-sub-menu-item\">Itiner\u00e1rio da Coleta Seletiva de Lixo Recicl\u00e1vel em S\u00e3o Roque<\/a><\/li>\n\t<li id=\"menu-item-28775\" class=\"menu-item menu-item-type-post_type menu-item-object-page uael-creative-menu\"><a href=\"https:\/\/www.informasaoroque.com.br\/informasaoroque\/coleta-de-lixo-em-sao-roque-horarios-dias-e-locais\/\" class = \"uael-sub-menu-item\">Cronograma da Coleta de Lixo Domiciliar por bairros em S\u00e3o Roque: Dias, Hor\u00e1rios e Locais<\/a><\/li>\n\t<li id=\"menu-item-19151\" class=\"menu-item menu-item-type-post_type menu-item-object-post uael-creative-menu\"><a href=\"https:\/\/www.informasaoroque.com.br\/informasaoroque\/2023\/08\/06\/vertebrados-da-mata-da-camara-guia-visual-e-fotografico-uma-obra-produzida-por-alunos-e-professores-do-ifsp-sao-roque\/\" class = \"uael-sub-menu-item\">\u201cVertebrados da Mata da C\u00e2mara: Guia Visual e Fotogr\u00e1fico\u201d \u2013 Uma obra produzida por Alunos e Professores do IFSP-S\u00e3o Roque<\/a><\/li>\n<\/ul>\n<\/li>\n<li id=\"menu-item-18956\" class=\"menu-item menu-item-type-taxonomy menu-item-object-category parent uael-creative-menu\"><a href=\"https:\/\/www.informasaoroque.com.br\/informasaoroque\/category\/saude\/\" class = \"uael-menu-item\">Sa\u00fade<\/a><\/li>\n<li id=\"menu-item-18946\" class=\"menu-item menu-item-type-taxonomy menu-item-object-category parent uael-creative-menu\"><a href=\"https:\/\/www.informasaoroque.com.br\/informasaoroque\/category\/empregos\/\" class = \"uael-menu-item\">Empregos<\/a><\/li>\n<li id=\"menu-item-18947\" class=\"menu-item menu-item-type-taxonomy menu-item-object-category parent uael-creative-menu\"><a href=\"https:\/\/www.informasaoroque.com.br\/informasaoroque\/category\/esportes\/\" class = \"uael-menu-item\">Esportes<\/a><\/li>\n<li id=\"menu-item-18957\" class=\"menu-item menu-item-type-taxonomy menu-item-object-category parent uael-creative-menu\"><a href=\"https:\/\/www.informasaoroque.com.br\/informasaoroque\/category\/seguranca\/\" class = \"uael-menu-item\">Seguran\u00e7a<\/a><\/li>\n<li id=\"menu-item-18949\" class=\"menu-item menu-item-type-taxonomy menu-item-object-category parent uael-creative-menu\"><a href=\"https:\/\/www.informasaoroque.com.br\/informasaoroque\/category\/lazer\/\" class = \"uael-menu-item\">Lazer<\/a><\/li>\n<li id=\"menu-item-18948\" class=\"menu-item menu-item-type-taxonomy menu-item-object-category parent uael-creative-menu\"><a href=\"https:\/\/www.informasaoroque.com.br\/informasaoroque\/category\/gastronomia\/\" class = \"uael-menu-item\">Gastronomia<\/a><\/li>\n<li id=\"menu-item-18951\" class=\"menu-item menu-item-type-taxonomy menu-item-object-category parent uael-creative-menu\"><a href=\"https:\/\/www.informasaoroque.com.br\/informasaoroque\/category\/mercado\/\" class = \"uael-menu-item\">Mercado<\/a><\/li>\n<li id=\"menu-item-18952\" class=\"menu-item menu-item-type-taxonomy menu-item-object-category menu-item-has-children parent uael-has-submenu uael-creative-menu\"><div class=\"uael-has-submenu-container\"><a href=\"https:\/\/www.informasaoroque.com.br\/informasaoroque\/category\/negocios\/\" class = \"uael-menu-item\">Neg\u00f3cios<span class='uael-menu-toggle sub-arrow uael-menu-child-0'><i class='fa'><\/i><\/span><\/a><\/div>\n<ul class=\"sub-menu\">\n\t<li id=\"menu-item-24649\" class=\"menu-item menu-item-type-custom menu-item-object-custom uael-creative-menu\"><a href=\"https:\/\/www.tudoinsaoroque.com.br\/cadastro-loja\/\" class = \"uael-sub-menu-item\">CADASTRE SUA LOJA no Tudo In S\u00e3o Roque Shop Commerce!<\/a><\/li>\n\t<li id=\"menu-item-24650\" class=\"menu-item menu-item-type-custom menu-item-object-custom uael-creative-menu\"><a href=\"https:\/\/www.tudoinsaoroque.com.br\/cadastro-produtos\/\" class = \"uael-sub-menu-item\">ANUHCIE SEUS P\u0154ODUTOS no Tudo In S\u00e3o Roque Shop&#8217;Commerce!<\/a><\/li>\n<\/ul>\n<\/li>\n<li id=\"menu-item-18954\" class=\"menu-item menu-item-type-taxonomy menu-item-object-category parent uael-creative-menu\"><a href=\"https:\/\/www.informasaoroque.com.br\/informasaoroque\/category\/obras-infra-estrutura\/\" class = \"uael-menu-item\">OBRAS<\/a><\/li>\n<li id=\"menu-item-18959\" class=\"menu-item menu-item-type-taxonomy menu-item-object-category parent uael-creative-menu\"><a href=\"https:\/\/www.informasaoroque.com.br\/informasaoroque\/category\/transporte\/\" class = \"uael-menu-item\">Tr\u00e2nsito<\/a><\/li>\n<li id=\"menu-item-18955\" class=\"menu-item menu-item-type-taxonomy menu-item-object-category parent uael-creative-menu\"><a href=\"https:\/\/www.informasaoroque.com.br\/informasaoroque\/category\/politica\/\" class = \"uael-menu-item\">pol\u00edtica<\/a><\/li>\n<li id=\"menu-item-18958\" class=\"menu-item menu-item-type-taxonomy menu-item-object-category menu-item-has-children parent uael-has-submenu uael-creative-menu\"><div class=\"uael-has-submenu-container\"><a href=\"https:\/\/www.informasaoroque.com.br\/informasaoroque\/category\/servicos\/\" class = \"uael-menu-item\">Servi\u00e7os<span class='uael-menu-toggle sub-arrow uael-menu-child-0'><i class='fa'><\/i><\/span><\/a><\/div>\n<ul class=\"sub-menu\">\n\t<li id=\"menu-item-19147\" class=\"menu-item menu-item-type-post_type menu-item-object-page uael-creative-menu\"><a href=\"https:\/\/www.informasaoroque.com.br\/informasaoroque\/telefones-uteis\/\" class = \"uael-sub-menu-item\">Telefones \u00dateis em S\u00e3o Roque \u2013 Emerg\u00eancias, Servi\u00e7os P\u00fablicos, Institui\u00e7\u00f5es<\/a><\/li>\n\t<li id=\"menu-item-19677\" class=\"menu-item menu-item-type-post_type menu-item-object-page uael-creative-menu\"><a href=\"https:\/\/www.informasaoroque.com.br\/informasaoroque\/coleta-de-lixo-em-sao-roque-horarios-dias-e-locais\/\" class = \"uael-sub-menu-item\">Cronograma da Coleta de Lixo Domiciliar por bairros em S\u00e3o Roque: Dias, Hor\u00e1rios e Locais<\/a><\/li>\n\t<li id=\"menu-item-24892\" class=\"menu-item menu-item-type-post_type menu-item-object-page uael-creative-menu\"><a href=\"https:\/\/www.informasaoroque.com.br\/informasaoroque\/lista-de-telefones-e-ramais-dos-departamentos-da-prefeitura-municipal-de-sao-roque\/\" class = \"uael-sub-menu-item\">Lista de Telefones e Ramais dos Departamentos da Prefeitura Municipal de S\u00e3o Roque<\/a><\/li>\n<\/ul>\n<\/li>\n<li id=\"menu-item-19149\" class=\"menu-item menu-item-type-post_type menu-item-object-page parent uael-creative-menu\"><a href=\"https:\/\/www.informasaoroque.com.br\/informasaoroque\/politica-de-privacidade\/\" class = \"uael-menu-item\">Pol\u00edtica de privacidade<\/a><\/li>\n<\/ul><\/nav>\n\t\t\t\t\t\t\t\t\t\t\t\t\t\t\t\t\t<div class=\"elementor-clickable uael-flyout-close\" tabindex=\"0\">\n\t\t\t\t\t\t\t\t\t<i aria-hidden=\"true\" class=\"far fa-window-close\"><\/i>\t\t\t\t\t\t\t\t<\/div>\n\t\t\t\t\t\t\t<\/div>\n\t\t\t\t\t\t<\/div>\n\t\t\t\t\t<\/div>\n\t\t\t\t<\/div>\n\t\t\t<\/div>\n\t\t\t\t\t\t\t<\/div>\n\t\t\t\t<\/div>\n\t\t\t\t<\/div>\n\t\t<div class=\"elementor-element elementor-element-6c7156d5 e-con-full e-flex e-con e-child\" data-id=\"6c7156d5\" data-element_type=\"container\" data-e-type=\"container\">\n\t\t\t\t<div class=\"elementor-element elementor-element-7d888774 elementor-widget elementor-widget-image\" data-id=\"7d888774\" data-element_type=\"widget\" data-e-type=\"widget\" data-widget_type=\"image.default\">\n\t\t\t\t<div class=\"elementor-widget-container\">\n\t\t\t\t\t\t\t\t\t\t\t\t\t\t\t\t<a href=\"https:\/\/www.informasaoroque.com.br\/informasaoroque\/\">\n\t\t\t\t\t\t\t<img decoding=\"async\" width=\"150\" height=\"150\" src=\"https:\/\/www.informasaoroque.com.br\/informasaoroque\/wp-content\/uploads\/2022\/02\/favicon1-150x150.jpg\" class=\"attachment-thumbnail size-thumbnail wp-image-35\" alt=\"\" srcset=\"https:\/\/www.informasaoroque.com.br\/informasaoroque\/wp-content\/uploads\/2022\/02\/favicon1-150x150.jpg 150w, https:\/\/www.informasaoroque.com.br\/informasaoroque\/wp-content\/uploads\/2022\/02\/favicon1-100x100.jpg 100w, https:\/\/www.informasaoroque.com.br\/informasaoroque\/wp-content\/uploads\/2022\/02\/favicon1.jpg 246w\" sizes=\"(max-width: 150px) 100vw, 150px\" \/>\t\t\t\t\t\t\t\t<\/a>\n\t\t\t\t\t\t\t\t\t\t\t\t\t\t\t<\/div>\n\t\t\t\t<\/div>\n\t\t\t\t<\/div>\n\t\t<div class=\"elementor-element elementor-element-f986a8d e-con-full e-flex e-con e-child\" data-id=\"f986a8d\" data-element_type=\"container\" data-e-type=\"container\">\n\t\t\t\t<div class=\"elementor-element elementor-element-38c26c3 elementor-widget elementor-widget-heading\" data-id=\"38c26c3\" data-element_type=\"widget\" data-e-type=\"widget\" data-widget_type=\"heading.default\">\n\t\t\t\t<div class=\"elementor-widget-container\">\n\t\t\t\t\t<h2 class=\"elementor-heading-title elementor-size-default\"><a href=\"https:\/\/www.informasaoroque.com.br\/informasaoroque\/\">Informa\nS\u00e3o Roque<\/a><\/h2>\t\t\t\t<\/div>\n\t\t\t\t<\/div>\n\t\t\t\t<div class=\"elementor-element elementor-element-51d1202f elementor-widget elementor-widget-text-editor\" data-id=\"51d1202f\" data-element_type=\"widget\" data-e-type=\"widget\" data-widget_type=\"text-editor.default\">\n\t\t\t\t<div class=\"elementor-widget-container\">\n\t\t\t\t\t\t\t\t\t<p>Informa\u00e7\u00e3o e Cultura em Revista<\/p>\t\t\t\t\t\t\t\t<\/div>\n\t\t\t\t<\/div>\n\t\t\t\t<\/div>\n\t\t<div class=\"elementor-element elementor-element-2469c318 e-con-full e-flex e-con e-child\" data-id=\"2469c318\" data-element_type=\"container\" data-e-type=\"container\">\n\t\t\t\t<div class=\"elementor-element elementor-element-20393b92 elementor-widget elementor-widget-text-editor\" data-id=\"20393b92\" data-element_type=\"widget\" data-e-type=\"widget\" data-widget_type=\"text-editor.default\">\n\t\t\t\t<div class=\"elementor-widget-container\">\n\t\t\t\t\t\t\t\t\t<p>BUSCAR<\/p>\t\t\t\t\t\t\t\t<\/div>\n\t\t\t\t<\/div>\n\t\t\t\t<div class=\"elementor-element elementor-element-34012fce elementor-widget elementor-widget-wp-widget-search\" data-id=\"34012fce\" data-element_type=\"widget\" data-e-type=\"widget\" data-widget_type=\"wp-widget-search.default\">\n\t\t\t\t<div class=\"elementor-widget-container\">\n\t\t\t\t\t<form role=\"search\" method=\"get\" id=\"searchform\" action=\"https:\/\/www.informasaoroque.com.br\/informasaoroque\/\">\r\n  <div class=\"input-group\">\r\n    <input type=\"search\" class=\"form-control\" placeholder=\"Search\" value=\"\" name=\"s\" \/>\r\n    <span class=\"input-group-btn btn-default\">\r\n    <button type=\"submit\" class=\"btn\"> <i class=\"fas fa-search\"><\/i> <\/button>\r\n    <\/span> <\/div>\r\n<\/form>\t\t\t\t<\/div>\n\t\t\t\t<\/div>\n\t\t\t\t<\/div>\n\t\t\t\t\t<\/div>\n\t\t\t\t<\/div>\n\t\t\t\t<section class=\"elementor-section elementor-top-section elementor-element elementor-element-2122b2e elementor-section-boxed elementor-section-height-default elementor-section-height-default\" data-id=\"2122b2e\" data-element_type=\"section\" data-e-type=\"section\" data-settings=\"{&quot;background_background&quot;:&quot;classic&quot;}\">\n\t\t\t\t\t\t<div class=\"elementor-container elementor-column-gap-default\">\n\t\t\t\t\t<div class=\"elementor-column elementor-col-100 elementor-top-column elementor-element elementor-element-7fde5507\" data-id=\"7fde5507\" data-element_type=\"column\" data-e-type=\"column\">\n\t\t\t<div class=\"elementor-widget-wrap elementor-element-populated\">\n\t\t\t\t\t\t<div class=\"elementor-element elementor-element-416a4e47 elementor-widget elementor-widget-spacer\" data-id=\"416a4e47\" data-element_type=\"widget\" data-e-type=\"widget\" data-widget_type=\"spacer.default\">\n\t\t\t\t<div class=\"elementor-widget-container\">\n\t\t\t\t\t\t\t<div class=\"elementor-spacer\">\n\t\t\t<div class=\"elementor-spacer-inner\"><\/div>\n\t\t<\/div>\n\t\t\t\t\t\t<\/div>\n\t\t\t\t<\/div>\n\t\t\t\t<div class=\"elementor-element elementor-element-4060469 animated-fast elementor-invisible elementor-widget elementor-widget-heading\" data-id=\"4060469\" data-element_type=\"widget\" data-e-type=\"widget\" data-settings=\"{&quot;_animation&quot;:&quot;fadeInUp&quot;,&quot;_animation_delay&quot;:300}\" data-widget_type=\"heading.default\">\n\t\t\t\t<div class=\"elementor-widget-container\">\n\t\t\t\t\t<h3 class=\"elementor-heading-title elementor-size-default\">SA\u00daDE<\/h3>\t\t\t\t<\/div>\n\t\t\t\t<\/div>\n\t\t\t\t<div class=\"elementor-element elementor-element-beec263 elementor-widget elementor-widget-heading\" data-id=\"beec263\" data-element_type=\"widget\" data-e-type=\"widget\" data-widget_type=\"heading.default\">\n\t\t\t\t<div class=\"elementor-widget-container\">\n\t\t\t\t\t<h2 class=\"elementor-heading-title elementor-size-default\">Campanha Janeiro Branco estimula o bem-estar emocional<\/h2>\t\t\t\t<\/div>\n\t\t\t\t<\/div>\n\t\t\t\t\t<\/div>\n\t\t<\/div>\n\t\t\t\t\t<\/div>\n\t\t<\/section>\n\t\t\t\t<section class=\"elementor-section elementor-top-section elementor-element elementor-element-39f3c5e4 elementor-section-height-min-height elementor-section-items-stretch elementor-section-content-middle elementor-reverse-tablet elementor-section-stretched elementor-section-boxed elementor-section-height-default\" data-id=\"39f3c5e4\" data-element_type=\"section\" data-e-type=\"section\" data-settings=\"{&quot;background_background&quot;:&quot;classic&quot;,&quot;stretch_section&quot;:&quot;section-stretched&quot;}\">\n\t\t\t\t\t\t<div class=\"elementor-container elementor-column-gap-default\">\n\t\t\t\t\t<div class=\"elementor-column elementor-col-50 elementor-top-column elementor-element elementor-element-594113b1\" data-id=\"594113b1\" data-element_type=\"column\" data-e-type=\"column\">\n\t\t\t<div class=\"elementor-widget-wrap elementor-element-populated\">\n\t\t\t\t\t\t<div class=\"elementor-element elementor-element-43f2238e animated-fast elementor-invisible elementor-widget elementor-widget-heading\" data-id=\"43f2238e\" data-element_type=\"widget\" data-e-type=\"widget\" data-settings=\"{&quot;_animation&quot;:&quot;fadeInUp&quot;,&quot;_animation_delay&quot;:400}\" data-widget_type=\"heading.default\">\n\t\t\t\t<div class=\"elementor-widget-container\">\n\t\t\t\t\t<h2 class=\"elementor-heading-title elementor-size-default\">\u201cO que fazer pela sa\u00fade mental agora e sempre?\u201d<\/h2>\t\t\t\t<\/div>\n\t\t\t\t<\/div>\n\t\t\t\t<div class=\"elementor-element elementor-element-41b85772 animated-fast elementor-invisible elementor-widget elementor-widget-text-editor\" data-id=\"41b85772\" data-element_type=\"widget\" data-e-type=\"widget\" data-settings=\"{&quot;_animation&quot;:&quot;fadeInUp&quot;}\" data-widget_type=\"text-editor.default\">\n\t\t\t\t<div class=\"elementor-widget-container\">\n\t\t\t\t\t\t\t\t\t<p>Todo in\u00edcio de ano \u00e9 assim: a gente faz um monte de planos e promessas, que muitas vezes n\u00e3o s\u00e3o cumpridas. Mas uma coisa n\u00e3o pode ficar de lado: a sa\u00fade, tanto f\u00edsica, quanto mental.<\/p>\t\t\t\t\t\t\t\t<\/div>\n\t\t\t\t<\/div>\n\t\t\t\t<div class=\"elementor-element elementor-element-5bce78eb elementor-widget elementor-widget-spacer\" data-id=\"5bce78eb\" data-element_type=\"widget\" data-e-type=\"widget\" data-widget_type=\"spacer.default\">\n\t\t\t\t<div class=\"elementor-widget-container\">\n\t\t\t\t\t\t\t<div class=\"elementor-spacer\">\n\t\t\t<div class=\"elementor-spacer-inner\"><\/div>\n\t\t<\/div>\n\t\t\t\t\t\t<\/div>\n\t\t\t\t<\/div>\n\t\t\t\t\t<\/div>\n\t\t<\/div>\n\t\t\t\t<div class=\"elementor-column elementor-col-50 elementor-top-column elementor-element elementor-element-3b927028 elementor-invisible\" data-id=\"3b927028\" data-element_type=\"column\" data-e-type=\"column\" data-settings=\"{&quot;background_background&quot;:&quot;classic&quot;,&quot;animation&quot;:&quot;zoomIn&quot;}\">\n\t\t\t<div class=\"elementor-widget-wrap elementor-element-populated\">\n\t\t\t\t\t\t<div class=\"elementor-element elementor-element-766a8ab elementor-widget elementor-widget-image\" data-id=\"766a8ab\" data-element_type=\"widget\" data-e-type=\"widget\" data-widget_type=\"image.default\">\n\t\t\t\t<div class=\"elementor-widget-container\">\n\t\t\t\t\t\t\t\t\t\t\t\t\t\t\t\t<a href=\"https:\/\/janeirobranco.org.br\/janeiro-branco-2025-um-convite-nacional-para-a-promocao-da-saude-mental\/\">\n\t\t\t\t\t\t\t<img fetchpriority=\"high\" decoding=\"async\" width=\"605\" height=\"321\" src=\"https:\/\/www.informasaoroque.com.br\/informasaoroque\/wp-content\/uploads\/2025\/01\/janeiro-branco-2025-informasaoroque.jpg\" class=\"elementor-animation-pulse-grow attachment-large size-large wp-image-27921\" alt=\"\" srcset=\"https:\/\/www.informasaoroque.com.br\/informasaoroque\/wp-content\/uploads\/2025\/01\/janeiro-branco-2025-informasaoroque.jpg 605w, https:\/\/www.informasaoroque.com.br\/informasaoroque\/wp-content\/uploads\/2025\/01\/janeiro-branco-2025-informasaoroque-300x159.jpg 300w\" sizes=\"(max-width: 605px) 100vw, 605px\" \/>\t\t\t\t\t\t\t\t<\/a>\n\t\t\t\t\t\t\t\t\t\t\t\t\t\t\t<\/div>\n\t\t\t\t<\/div>\n\t\t\t\t<div class=\"elementor-element elementor-element-3b167fc elementor-widget elementor-widget-heading\" data-id=\"3b167fc\" data-element_type=\"widget\" data-e-type=\"widget\" data-widget_type=\"heading.default\">\n\t\t\t\t<div class=\"elementor-widget-container\">\n\t\t\t\t\t<h2 class=\"elementor-heading-title elementor-size-default\"><a href=\"https:\/\/janeirobranco.org.br\/janeiro-branco-2025-um-convite-nacional-para-a-promocao-da-saude-mental\/\">Janeiro Branco 2025: Um Convite Nacional para a Promo\u00e7\u00e3o da Sa\u00fade Mental!<\/a><\/h2>\t\t\t\t<\/div>\n\t\t\t\t<\/div>\n\t\t\t\t\t<\/div>\n\t\t<\/div>\n\t\t\t\t\t<\/div>\n\t\t<\/section>\n\t\t\t\t<section class=\"elementor-section elementor-top-section elementor-element elementor-element-91a0525 elementor-section-stretched elementor-section-boxed elementor-section-height-default elementor-section-height-default\" data-id=\"91a0525\" data-element_type=\"section\" data-e-type=\"section\" data-settings=\"{&quot;stretch_section&quot;:&quot;section-stretched&quot;,&quot;background_background&quot;:&quot;classic&quot;}\">\n\t\t\t\t\t\t<div class=\"elementor-container elementor-column-gap-default\">\n\t\t\t\t\t<div class=\"elementor-column elementor-col-100 elementor-top-column elementor-element elementor-element-4b9c0996\" data-id=\"4b9c0996\" data-element_type=\"column\" data-e-type=\"column\">\n\t\t\t<div class=\"elementor-widget-wrap elementor-element-populated\">\n\t\t\t\t\t\t<div class=\"elementor-element elementor-element-49662021 elementor-widget elementor-widget-text-editor\" data-id=\"49662021\" data-element_type=\"widget\" data-e-type=\"widget\" data-widget_type=\"text-editor.default\">\n\t\t\t\t<div class=\"elementor-widget-container\">\n\t\t\t\t\t\t\t\t\t<h5>\u00a0O come\u00e7o do ano \u00e9 \u00e9poca da Campanha\u00a0Janeiro\u00a0Branco, movimento brasileiro sobre Sa\u00fade Mental que h\u00e1 mais de uma d\u00e9cada convida a sociedade a refletir, dialogar e agir em prol do bem-estar emocional.<img decoding=\"async\" src=\"https:\/\/agenciabrasil.ebc.com.br\/ebc.png?id=1625707&amp;o=node\" \/><img decoding=\"async\" src=\"https:\/\/agenciabrasil.ebc.com.br\/ebc.gif?id=1625707&amp;o=node\" \/><\/h5><p>A iniciativa foi criada em 2014 pelo psic\u00f3logo, palestrante e escritor mineiro Leonardo Abrah\u00e3o. Hoje, a campanha \u00e9 um marco no calend\u00e1rio brasileiro e, desde 2023, \u00e9 reconhecida oficialmente como lei federal.<\/p><p>Todo ano h\u00e1 um tema. O de 2025 \u00e9 <b>\u201cO que fazer pela sa\u00fade mental agora e sempre?\u201d<\/b>. A ideia \u00e9 fazer com que pessoas, fam\u00edlias, empresas e institui\u00e7\u00f5es p\u00fablicas e privadas apoiem a\u00e7\u00f5es concretas que estimulem a valoriza\u00e7\u00e3o da sa\u00fade mental como prioridade coletiva.<\/p><p>Palestras, rodas de conversa, oficinas, caminhadas, corridas e eventos culturais est\u00e3o previstos em diversas cidades do pa\u00eds, reunindo psic\u00f3logos, psiquiatras, assistentes sociais, enfermeiros, educadores, gestores, l\u00edderes comunit\u00e1rios, m\u00eddias e a popula\u00e7\u00e3o em geral.<\/p><h2>Perigo<\/h2><p>Alguns sinais de que a sa\u00fade mental corre perigo.<\/p><h5>Profissionais alertam que &#8211; quando as sensa\u00e7\u00f5es e sentimentos mudam &#8211; pode ser sinal de que \u00e9 preciso procurar um profissional.<\/h5><p>&#8220;Primeiro: sensa\u00e7\u00e3o constante de cansa\u00e7o ou esgotamento emocional. Segundo: dificuldade de se concentrar como antes. Dificuldade de ter satisfa\u00e7\u00e3o em coisas que eram muito agrad\u00e1veis. Um outro elemento envolve altera\u00e7\u00f5es no sono: ins\u00f4nia, quando n\u00e3o se consegue dormir ou excesso de sono, e quest\u00f5es ligadas ao apetite.&#8221;<\/p>\t\t\t\t\t\t\t\t<\/div>\n\t\t\t\t<\/div>\n\t\t\t\t\t<\/div>\n\t\t<\/div>\n\t\t\t\t\t<\/div>\n\t\t<\/section>\n\t\t\t\t<section class=\"elementor-section elementor-top-section elementor-element elementor-element-3024262a elementor-section-full_width elementor-section-stretched elementor-section-height-default elementor-section-height-default\" data-id=\"3024262a\" data-element_type=\"section\" data-e-type=\"section\" data-settings=\"{&quot;background_background&quot;:&quot;classic&quot;,&quot;shape_divider_top&quot;:&quot;waves&quot;,&quot;stretch_section&quot;:&quot;section-stretched&quot;}\">\n\t\t\t\t\t<div class=\"elementor-shape elementor-shape-top\" aria-hidden=\"true\" data-negative=\"false\">\n\t\t\t<svg xmlns=\"http:\/\/www.w3.org\/2000\/svg\" viewBox=\"0 0 1000 100\" preserveAspectRatio=\"none\">\n\t<path class=\"elementor-shape-fill\" d=\"M421.9,6.5c22.6-2.5,51.5,0.4,75.5,5.3c23.6,4.9,70.9,23.5,100.5,35.7c75.8,32.2,133.7,44.5,192.6,49.7\n\tc23.6,2.1,48.7,3.5,103.4-2.5c54.7-6,106.2-25.6,106.2-25.6V0H0v30.3c0,0,72,32.6,158.4,30.5c39.2-0.7,92.8-6.7,134-22.4\n\tc21.2-8.1,52.2-18.2,79.7-24.2C399.3,7.9,411.6,7.5,421.9,6.5z\"\/>\n<\/svg>\t\t<\/div>\n\t\t\t\t\t<div class=\"elementor-container elementor-column-gap-default\">\n\t\t\t\t\t<div class=\"elementor-column elementor-col-100 elementor-top-column elementor-element elementor-element-42a728f9\" data-id=\"42a728f9\" data-element_type=\"column\" data-e-type=\"column\">\n\t\t\t<div class=\"elementor-widget-wrap elementor-element-populated\">\n\t\t\t\t\t\t<div class=\"elementor-element elementor-element-2b527b7f elementor-widget elementor-widget-testimonial\" data-id=\"2b527b7f\" data-element_type=\"widget\" data-e-type=\"widget\" data-widget_type=\"testimonial.default\">\n\t\t\t\t<div class=\"elementor-widget-container\">\n\t\t\t\t\t\t\t<div class=\"elementor-testimonial-wrapper\">\n\t\t\t\t\t\t\t<div class=\"elementor-testimonial-content\">\"Consumo excessivo de \u00e1lcool, comprar de maneira demasiada, enfim, sempre que eu saio do meu ponto de equil\u00edbrio, isso pode ser um forte indicador de que algo n\u00e3o vai bem. Os profissionais de sa\u00fade que s\u00e3o treinados para ajudar n\u00e3o v\u00e3o chegar e dizer como deve viver melhor a sua vida, a vida \u00e9 sua. O que ele vai fazer? Ele vai provocar reflex\u00f5es que muitas vezes tem esse fator de cura.\"<\/div>\n\t\t\t\n\t\t\t\t\t\t<div class=\"elementor-testimonial-meta\">\n\t\t\t\t<div class=\"elementor-testimonial-meta-inner\">\n\t\t\t\t\t\n\t\t\t\t\t\t\t\t\t\t<div class=\"elementor-testimonial-details\">\n\t\t\t\t\t\t\t\t\t\t\t\t\t\t<div class=\"elementor-testimonial-name\">Leandro Santos<\/div>\n\t\t\t\t\t\t\t\t\t\t\t\t\t\t\t\t\t\t\t\t\t\t<div class=\"elementor-testimonial-job\">Psic\u00f3logo especialista em depend\u00eancia tecnol\u00f3gica<\/div>\n\t\t\t\t\t\t\t\t\t\t\t\t\t<\/div>\n\t\t\t\t\t\t\t\t\t<\/div>\n\t\t\t<\/div>\n\t\t\t\t\t<\/div>\n\t\t\t\t\t\t<\/div>\n\t\t\t\t<\/div>\n\t\t\t\t\t<\/div>\n\t\t<\/div>\n\t\t\t\t\t<\/div>\n\t\t<\/section>\n\t\t\t\t<section class=\"elementor-section elementor-top-section elementor-element elementor-element-4dedd9ba elementor-section-stretched elementor-section-boxed elementor-section-height-default elementor-section-height-default\" data-id=\"4dedd9ba\" data-element_type=\"section\" data-e-type=\"section\" data-settings=\"{&quot;background_background&quot;:&quot;classic&quot;,&quot;stretch_section&quot;:&quot;section-stretched&quot;}\">\n\t\t\t\t\t\t<div class=\"elementor-container elementor-column-gap-default\">\n\t\t\t\t\t<div class=\"elementor-column elementor-col-100 elementor-top-column elementor-element elementor-element-509a557f\" data-id=\"509a557f\" data-element_type=\"column\" data-e-type=\"column\">\n\t\t\t<div class=\"elementor-widget-wrap elementor-element-populated\">\n\t\t\t\t\t\t<div class=\"elementor-element elementor-element-5943e01e animated-fast elementor-invisible elementor-widget elementor-widget-heading\" data-id=\"5943e01e\" data-element_type=\"widget\" data-e-type=\"widget\" data-settings=\"{&quot;_animation&quot;:&quot;fadeInUp&quot;}\" data-widget_type=\"heading.default\">\n\t\t\t\t<div class=\"elementor-widget-container\">\n\t\t\t\t\t<h2 class=\"elementor-heading-title elementor-size-default\">Quem quiser apoiar a campanha pode fazer o download gratuito de folders, cartazes, banners, faixas, bottons, cartilhas e panfletos no site oficial do Movimento Janeiro Branco. Os materiais v\u00eam com orienta\u00e7\u00f5es did\u00e1ticas e acess\u00edveis sobre sa\u00fade mental.<br><\/h2>\t\t\t\t<\/div>\n\t\t\t\t<\/div>\n\t\t\t\t<div class=\"elementor-element elementor-element-0cbda22 elementor-button-danger elementor-align-center elementor-widget elementor-widget-button\" data-id=\"0cbda22\" data-element_type=\"widget\" data-e-type=\"widget\" data-widget_type=\"button.default\">\n\t\t\t\t<div class=\"elementor-widget-container\">\n\t\t\t\t\t\t\t\t\t<div class=\"elementor-button-wrapper\">\n\t\t\t\t\t<a class=\"elementor-button elementor-button-link elementor-size-sm\" href=\"https:\/\/janeirobranco.org.br\/\">\n\t\t\t\t\t\t<span class=\"elementor-button-content-wrapper\">\n\t\t\t\t\t\t\t\t\t<span class=\"elementor-button-text\">Movimento Janeiro Branco<\/span>\n\t\t\t\t\t<\/span>\n\t\t\t\t\t<\/a>\n\t\t\t\t<\/div>\n\t\t\t\t\t\t\t\t<\/div>\n\t\t\t\t<\/div>\n\t\t\t\t\t<\/div>\n\t\t<\/div>\n\t\t\t\t\t<\/div>\n\t\t<\/section>\n\t\t<div class=\"elementor-element elementor-element-1d3629c e-flex e-con-boxed e-con e-parent\" data-id=\"1d3629c\" data-element_type=\"container\" data-e-type=\"container\">\n\t\t\t\t\t<div class=\"e-con-inner\">\n\t\t\t\t<div class=\"elementor-element elementor-element-32d4c9c elementor-widget elementor-widget-text-editor\" data-id=\"32d4c9c\" data-element_type=\"widget\" data-e-type=\"widget\" data-widget_type=\"text-editor.default\">\n\t\t\t\t<div class=\"elementor-widget-container\">\n\t\t\t\t\t\t\t\t\t<p>Fonte: <a href=\"https:\/\/agenciabrasil.ebc.com.br\/saude\/noticia\/2025-01\/campanha-janeiro-branco-estimula-o-bem-estar-emocional\">AG\u00caNCIA BRASIL<\/a><\/p>\t\t\t\t\t\t\t\t<\/div>\n\t\t\t\t<\/div>\n\t\t\t\t\t<\/div>\n\t\t\t\t<\/div>\n\t\t\t\t<section class=\"elementor-section elementor-top-section elementor-element elementor-element-395ef653 elementor-section-boxed elementor-section-height-default elementor-section-height-default\" data-id=\"395ef653\" data-element_type=\"section\" data-e-type=\"section\" data-settings=\"{&quot;background_background&quot;:&quot;classic&quot;}\">\n\t\t\t\t\t\t<div class=\"elementor-container elementor-column-gap-default\">\n\t\t\t\t\t<div class=\"elementor-column elementor-col-100 elementor-top-column elementor-element elementor-element-1a7b2501\" data-id=\"1a7b2501\" data-element_type=\"column\" data-e-type=\"column\">\n\t\t\t<div class=\"elementor-widget-wrap elementor-element-populated\">\n\t\t\t\t\t\t<div class=\"elementor-element elementor-element-15361b49 elementor-widget elementor-widget-heading\" data-id=\"15361b49\" data-element_type=\"widget\" data-e-type=\"widget\" data-widget_type=\"heading.default\">\n\t\t\t\t<div class=\"elementor-widget-container\">\n\t\t\t\t\t<h2 class=\"elementor-heading-title elementor-size-default\">Compartilhe nas Redes Sociais<\/h2>\t\t\t\t<\/div>\n\t\t\t\t<\/div>\n\t\t\t\t<div class=\"elementor-element elementor-element-61278459 elementor-share-buttons--align-right elementor-share-buttons-mobile--align-center uael-share-buttons--view-icon-text uael-stylex-inline elementor-grid-0 elementor-widget elementor-widget-uael-social-share\" data-id=\"61278459\" data-element_type=\"widget\" data-e-type=\"widget\" data-settings=\"{&quot;alignment&quot;:&quot;right&quot;,&quot;alignment_mobile&quot;:&quot;center&quot;,&quot;columns&quot;:&quot;0&quot;,&quot;column_gap&quot;:{&quot;unit&quot;:&quot;px&quot;,&quot;size&quot;:10,&quot;sizes&quot;:[]},&quot;column_gap_tablet&quot;:{&quot;unit&quot;:&quot;px&quot;,&quot;size&quot;:10,&quot;sizes&quot;:[]},&quot;column_gap_mobile&quot;:{&quot;unit&quot;:&quot;px&quot;,&quot;size&quot;:10,&quot;sizes&quot;:[]},&quot;row_gap&quot;:{&quot;unit&quot;:&quot;px&quot;,&quot;size&quot;:0,&quot;sizes&quot;:[]},&quot;row_gap_tablet&quot;:{&quot;unit&quot;:&quot;px&quot;,&quot;size&quot;:0,&quot;sizes&quot;:[]},&quot;row_gap_mobile&quot;:{&quot;unit&quot;:&quot;px&quot;,&quot;size&quot;:10,&quot;sizes&quot;:[]},&quot;button_size&quot;:{&quot;unit&quot;:&quot;px&quot;,&quot;size&quot;:&quot;&quot;,&quot;sizes&quot;:[]},&quot;button_size_tablet&quot;:{&quot;unit&quot;:&quot;px&quot;,&quot;size&quot;:&quot;&quot;,&quot;sizes&quot;:[]},&quot;button_size_mobile&quot;:{&quot;unit&quot;:&quot;px&quot;,&quot;size&quot;:&quot;&quot;,&quot;sizes&quot;:[]},&quot;button_height&quot;:{&quot;unit&quot;:&quot;em&quot;,&quot;size&quot;:&quot;&quot;,&quot;sizes&quot;:[]},&quot;button_height_tablet&quot;:{&quot;unit&quot;:&quot;em&quot;,&quot;size&quot;:&quot;&quot;,&quot;sizes&quot;:[]},&quot;button_height_mobile&quot;:{&quot;unit&quot;:&quot;em&quot;,&quot;size&quot;:&quot;&quot;,&quot;sizes&quot;:[]},&quot;icon_size&quot;:{&quot;unit&quot;:&quot;em&quot;,&quot;size&quot;:&quot;&quot;,&quot;sizes&quot;:[]},&quot;icon_size_tablet&quot;:{&quot;unit&quot;:&quot;em&quot;,&quot;size&quot;:&quot;&quot;,&quot;sizes&quot;:[]},&quot;icon_size_mobile&quot;:{&quot;unit&quot;:&quot;em&quot;,&quot;size&quot;:&quot;&quot;,&quot;sizes&quot;:[]}}\" data-widget_type=\"uael-social-share.default\">\n\t\t\t\t<div class=\"elementor-widget-container\">\n\t\t\t\t\t\n\t\t<div class=\"uael-style-inline uael-container uael-floating-align-\" data-pin_data_url=\"\" data-share_url_type=\"current_page\" data-share_url=\"\">\n\t\t\t<div class=\"elementor-grid uael-floating-align-\">\n\t\t\t\t\t\t\t\t\t<div class=\"elementor-grid-item\">\n\t\t\t\t\t\t\t\t\t\t\t\t<a  class=\"uael-share-btn-facebook\">\n\t\t\t\t\t\t\t<div class=\"uael-share-btn elementor-animation- uaelbtn-shape-circle uaelbtn--skin-gradient\">\n\n\t\t\t\t\t\t\t\t\t\t\t\t\t\t\t\t\t\t\t<span class=\"uael-share-btn__icon\" aria-label=\"Compartilhar em facebook\">\n\t\t\t\t\t\t\t\t\t\t\t\t\t\t\t\t\t\t\t\t\t\t\t\t\t\t<i class=\"fab fa-facebook\" aria-hidden=\"true\"><\/i>\n\t\t\t\t\t\t\t\t\t\t\t\t\t\t\t\t\t\t\t\t\t\t\t\t<\/span>\n\t\t\t\t\t\t\t\t\t\t\t\t\t\t\t\t\t\t\t\t<div class=\"uael-share-btn__text\">\n\t\t\t\t\t\t\t\t\t\t\t\t<span class=\"uael-share-btn__title\">Facebook<\/span>\n\t\t\t\t\t\t\t\t\t\t<\/div>\n\t\t\t\t\t\t\t\t\t\t\t\t\t\t\t\t\t\t\t\t\t\t\t\t\t\t\t<\/div>\n\t\t\t\t\t\t<\/a>\n\t\t\t\t\t<\/div>\n\t\t\t\t\t\t\t\t\t\t<div class=\"elementor-grid-item\">\n\t\t\t\t\t\t\t\t\t\t\t\t<a  class=\"uael-share-btn-twitter\">\n\t\t\t\t\t\t\t<div class=\"uael-share-btn elementor-animation- uaelbtn-shape-circle uaelbtn--skin-gradient\">\n\n\t\t\t\t\t\t\t\t\t\t\t\t\t\t\t\t\t\t\t<span class=\"uael-share-btn__icon\" aria-label=\"Compartilhar em twitter\">\n\t\t\t\t\t\t\t\t\t\t\t\t\t\t\t\t\t\t\t\t\t\t\t\t\t\t<i class=\"fab fa-x-twitter\" aria-hidden=\"true\"><\/i>\n\t\t\t\t\t\t\t\t\t\t\t\t\t\t\t\t\t\t\t\t\t\t\t\t<\/span>\n\t\t\t\t\t\t\t\t\t\t\t\t\t\t\t\t\t\t\t\t<div class=\"uael-share-btn__text\">\n\t\t\t\t\t\t\t\t\t\t\t\t<span class=\"uael-share-btn__title\">Twitter<\/span>\n\t\t\t\t\t\t\t\t\t\t<\/div>\n\t\t\t\t\t\t\t\t\t\t\t\t\t\t\t\t\t\t\t\t\t\t\t\t\t\t\t<\/div>\n\t\t\t\t\t\t<\/a>\n\t\t\t\t\t<\/div>\n\t\t\t\t\t\t\t\t\t\t<div class=\"elementor-grid-item\">\n\t\t\t\t\t\t\t\t\t\t\t\t<a  class=\"uael-share-btn-linkedin\">\n\t\t\t\t\t\t\t<div class=\"uael-share-btn elementor-animation- uaelbtn-shape-circle uaelbtn--skin-gradient\">\n\n\t\t\t\t\t\t\t\t\t\t\t\t\t\t\t\t\t\t\t<span class=\"uael-share-btn__icon\" aria-label=\"Compartilhar em linkedin\">\n\t\t\t\t\t\t\t\t\t\t\t\t\t\t\t\t\t\t\t\t\t\t\t\t\t\t<i class=\"fab fa-linkedin\" aria-hidden=\"true\"><\/i>\n\t\t\t\t\t\t\t\t\t\t\t\t\t\t\t\t\t\t\t\t\t\t\t\t<\/span>\n\t\t\t\t\t\t\t\t\t\t\t\t\t\t\t\t\t\t\t\t<div class=\"uael-share-btn__text\">\n\t\t\t\t\t\t\t\t\t\t\t\t<span class=\"uael-share-btn__title\">Linkedin<\/span>\n\t\t\t\t\t\t\t\t\t\t<\/div>\n\t\t\t\t\t\t\t\t\t\t\t\t\t\t\t\t\t\t\t\t\t\t\t\t\t\t\t<\/div>\n\t\t\t\t\t\t<\/a>\n\t\t\t\t\t<\/div>\n\t\t\t\t\t\t\t\t\t\t<div class=\"elementor-grid-item\">\n\t\t\t\t\t\t\t\t\t\t\t\t<a  class=\"uael-share-btn-whatsapp\">\n\t\t\t\t\t\t\t<div class=\"uael-share-btn elementor-animation- uaelbtn-shape-circle uaelbtn--skin-gradient\">\n\n\t\t\t\t\t\t\t\t\t\t\t\t\t\t\t\t\t\t\t<span class=\"uael-share-btn__icon\" aria-label=\"Compartilhar em whatsapp\">\n\t\t\t\t\t\t\t\t\t\t\t\t\t\t\t\t\t\t\t\t\t\t\t\t\t\t<i class=\"fab fa-whatsapp\" aria-hidden=\"true\"><\/i>\n\t\t\t\t\t\t\t\t\t\t\t\t\t\t\t\t\t\t\t\t\t\t\t\t<\/span>\n\t\t\t\t\t\t\t\t\t\t\t\t\t\t\t\t\t\t\t\t<div class=\"uael-share-btn__text\">\n\t\t\t\t\t\t\t\t\t\t\t\t<span class=\"uael-share-btn__title\">Whatsapp<\/span>\n\t\t\t\t\t\t\t\t\t\t<\/div>\n\t\t\t\t\t\t\t\t\t\t\t\t\t\t\t\t\t\t\t\t\t\t\t\t\t\t\t<\/div>\n\t\t\t\t\t\t<\/a>\n\t\t\t\t\t<\/div>\n\t\t\t\t\t\t\t\t\t\t<div class=\"elementor-grid-item\">\n\t\t\t\t\t\t\t\t\t\t\t\t<a  class=\"uael-share-btn-email\">\n\t\t\t\t\t\t\t<div class=\"uael-share-btn elementor-animation- uaelbtn-shape-circle uaelbtn--skin-gradient\">\n\n\t\t\t\t\t\t\t\t\t\t\t\t\t\t\t\t\t\t\t<span class=\"uael-share-btn__icon\" aria-label=\"Compartilhar em email\">\n\t\t\t\t\t\t\t\t\t\t\t\t\t\t\t\t\t\t\t\t\t\t\t\t\t\t<i class=\"fas fa-envelope\" aria-hidden=\"true\"><\/i>\n\t\t\t\t\t\t\t\t\t\t\t\t\t\t\t\t\t\t\t\t\t\t\t\t<\/span>\n\t\t\t\t\t\t\t\t\t\t\t\t\t\t\t\t\t\t\t\t<div class=\"uael-share-btn__text\">\n\t\t\t\t\t\t\t\t\t\t\t\t<span class=\"uael-share-btn__title\">Email<\/span>\n\t\t\t\t\t\t\t\t\t\t<\/div>\n\t\t\t\t\t\t\t\t\t\t\t\t\t\t\t\t\t\t\t\t\t\t\t\t\t\t\t<\/div>\n\t\t\t\t\t\t<\/a>\n\t\t\t\t\t<\/div>\n\t\t\t\t\t\t\t\t<\/div>\n\t\t<\/div>\n\t\t\t\t\t\t<\/div>\n\t\t\t\t<\/div>\n\t\t\t\t<div class=\"elementor-element elementor-element-3c583783 elementor-widget elementor-widget-spacer\" data-id=\"3c583783\" data-element_type=\"widget\" data-e-type=\"widget\" data-widget_type=\"spacer.default\">\n\t\t\t\t<div class=\"elementor-widget-container\">\n\t\t\t\t\t\t\t<div class=\"elementor-spacer\">\n\t\t\t<div class=\"elementor-spacer-inner\"><\/div>\n\t\t<\/div>\n\t\t\t\t\t\t<\/div>\n\t\t\t\t<\/div>\n\t\t\t\t\t<\/div>\n\t\t<\/div>\n\t\t\t\t\t<\/div>\n\t\t<\/section>\n\t\t\t\t<section class=\"elementor-section elementor-top-section elementor-element elementor-element-15914a2f elementor-section-stretched elementor-section-boxed elementor-section-height-default elementor-section-height-default\" data-id=\"15914a2f\" data-element_type=\"section\" data-e-type=\"section\" data-settings=\"{&quot;stretch_section&quot;:&quot;section-stretched&quot;,&quot;background_background&quot;:&quot;gradient&quot;}\">\n\t\t\t\t\t\t<div class=\"elementor-container elementor-column-gap-default\">\n\t\t\t\t\t<div class=\"elementor-column elementor-col-100 elementor-top-column elementor-element elementor-element-433c3728\" data-id=\"433c3728\" data-element_type=\"column\" data-e-type=\"column\">\n\t\t\t<div class=\"elementor-widget-wrap elementor-element-populated\">\n\t\t\t\t\t\t<div class=\"elementor-element elementor-element-58f65526 elementor-widget elementor-widget-spacer\" data-id=\"58f65526\" data-element_type=\"widget\" data-e-type=\"widget\" data-widget_type=\"spacer.default\">\n\t\t\t\t<div class=\"elementor-widget-container\">\n\t\t\t\t\t\t\t<div class=\"elementor-spacer\">\n\t\t\t<div class=\"elementor-spacer-inner\"><\/div>\n\t\t<\/div>\n\t\t\t\t\t\t<\/div>\n\t\t\t\t<\/div>\n\t\t\t\t\t<\/div>\n\t\t<\/div>\n\t\t\t\t\t<\/div>\n\t\t<\/section>\n\t\t\t\t<section class=\"elementor-section elementor-top-section elementor-element elementor-element-4a064d4 elementor-section-content-middle elementor-section-stretched elementor-section-boxed elementor-section-height-default elementor-section-height-default\" data-id=\"4a064d4\" data-element_type=\"section\" data-e-type=\"section\" data-settings=\"{&quot;background_background&quot;:&quot;classic&quot;,&quot;stretch_section&quot;:&quot;section-stretched&quot;}\">\n\t\t\t\t\t\t\t<div class=\"elementor-background-overlay\"><\/div>\n\t\t\t\t\t\t\t<div class=\"elementor-container elementor-column-gap-default\">\n\t\t\t\t\t<div class=\"elementor-column elementor-col-100 elementor-top-column elementor-element elementor-element-375dfa10\" data-id=\"375dfa10\" data-element_type=\"column\" data-e-type=\"column\">\n\t\t\t<div class=\"elementor-widget-wrap elementor-element-populated\">\n\t\t\t\t\t\t<section class=\"elementor-section elementor-inner-section elementor-element elementor-element-56a1bbe9 elementor-section-boxed elementor-section-height-default elementor-section-height-default\" data-id=\"56a1bbe9\" data-element_type=\"section\" data-e-type=\"section\">\n\t\t\t\t\t\t<div class=\"elementor-container elementor-column-gap-default\">\n\t\t\t\t\t<div class=\"elementor-column elementor-col-100 elementor-inner-column elementor-element elementor-element-32be68e0\" data-id=\"32be68e0\" data-element_type=\"column\" data-e-type=\"column\">\n\t\t\t<div class=\"elementor-widget-wrap elementor-element-populated\">\n\t\t\t\t\t\t<div class=\"elementor-element elementor-element-3a3604a elementor-invisible elementor-widget elementor-widget-text-editor\" data-id=\"3a3604a\" data-element_type=\"widget\" data-e-type=\"widget\" data-settings=\"{&quot;_animation&quot;:&quot;fadeInDown&quot;}\" data-widget_type=\"text-editor.default\">\n\t\t\t\t<div class=\"elementor-widget-container\">\n\t\t\t\t\t\t\t\t\t<p>VENHa PARA O nosso<br \/>E-marketplace<\/p>\t\t\t\t\t\t\t\t<\/div>\n\t\t\t\t<\/div>\n\t\t\t\t<div class=\"elementor-element elementor-element-1d95ee2f elementor-widget elementor-widget-image\" data-id=\"1d95ee2f\" data-element_type=\"widget\" data-e-type=\"widget\" data-widget_type=\"image.default\">\n\t\t\t\t<div class=\"elementor-widget-container\">\n\t\t\t\t\t\t\t\t\t\t\t\t\t\t\t\t<a href=\"https:\/\/www.tudoinsaoroque.com.br\/\">\n\t\t\t\t\t\t\t<img decoding=\"async\" width=\"300\" height=\"86\" src=\"https:\/\/www.informasaoroque.com.br\/informasaoroque\/wp-content\/uploads\/2023\/03\/logo_tudoinsaoroque-e1695913431789-300x86.jpeg\" class=\"elementor-animation-pulse attachment-medium size-medium wp-image-9340\" alt=\"\" srcset=\"https:\/\/www.informasaoroque.com.br\/informasaoroque\/wp-content\/uploads\/2023\/03\/logo_tudoinsaoroque-e1695913431789-300x86.jpeg 300w, https:\/\/www.informasaoroque.com.br\/informasaoroque\/wp-content\/uploads\/2023\/03\/logo_tudoinsaoroque-e1695913431789.jpeg 348w\" sizes=\"(max-width: 300px) 100vw, 300px\" \/>\t\t\t\t\t\t\t\t<\/a>\n\t\t\t\t\t\t\t\t\t\t\t\t\t\t\t<\/div>\n\t\t\t\t<\/div>\n\t\t\t\t<div class=\"elementor-element elementor-element-6e731dcb elementor-widget elementor-widget-spacer\" data-id=\"6e731dcb\" data-element_type=\"widget\" data-e-type=\"widget\" data-widget_type=\"spacer.default\">\n\t\t\t\t<div class=\"elementor-widget-container\">\n\t\t\t\t\t\t\t<div class=\"elementor-spacer\">\n\t\t\t<div class=\"elementor-spacer-inner\"><\/div>\n\t\t<\/div>\n\t\t\t\t\t\t<\/div>\n\t\t\t\t<\/div>\n\t\t\t\t\t<\/div>\n\t\t<\/div>\n\t\t\t\t\t<\/div>\n\t\t<\/section>\n\t\t\t\t<div class=\"elementor-element elementor-element-d0fab89 elementor-grid-2 elementor-grid-tablet-2 elementor-grid-mobile-1 elementor-posts--thumbnail-top elementor-widget elementor-widget-posts\" data-id=\"d0fab89\" data-element_type=\"widget\" data-e-type=\"widget\" data-settings=\"{&quot;classic_masonry&quot;:&quot;yes&quot;,&quot;classic_columns&quot;:&quot;2&quot;,&quot;classic_columns_tablet&quot;:&quot;2&quot;,&quot;classic_columns_mobile&quot;:&quot;1&quot;,&quot;classic_row_gap&quot;:{&quot;unit&quot;:&quot;px&quot;,&quot;size&quot;:35,&quot;sizes&quot;:[]},&quot;classic_row_gap_tablet&quot;:{&quot;unit&quot;:&quot;px&quot;,&quot;size&quot;:&quot;&quot;,&quot;sizes&quot;:[]},&quot;classic_row_gap_mobile&quot;:{&quot;unit&quot;:&quot;px&quot;,&quot;size&quot;:&quot;&quot;,&quot;sizes&quot;:[]}}\" data-widget_type=\"posts.classic\">\n\t\t\t\t<div class=\"elementor-widget-container\">\n\t\t\t\t\t\t\t<div class=\"elementor-posts-container elementor-posts elementor-posts--skin-classic elementor-grid\" role=\"list\">\n\t\t\t\t<article class=\"elementor-post elementor-grid-item post-23849 post type-post status-publish format-standard has-post-thumbnail hentry category-mercado category-negocios category-noticias category-servicos tag-commerce tag-informasaoroque tag-insaoroque tag-shop tag-tudo tag-tudoinsaoroque\" role=\"listitem\">\n\t\t\t\t<a class=\"elementor-post__thumbnail__link\" href=\"https:\/\/www.informasaoroque.com.br\/informasaoroque\/2024\/07\/10\/aumente-suas-vendas-venha-para-o-tudo-in-sao-roque-a-vitrine-virtual-aberta-ao-pequeno-comercio-local\/\" tabindex=\"-1\" >\n\t\t\t<div class=\"elementor-post__thumbnail\"><img loading=\"lazy\" decoding=\"async\" width=\"640\" height=\"334\" src=\"https:\/\/www.informasaoroque.com.br\/informasaoroque\/wp-content\/uploads\/2024\/07\/venha_para_nossa_vitrine-768x401.jpg\" class=\"attachment-medium_large size-medium_large wp-image-23857\" alt=\"\" srcset=\"https:\/\/www.informasaoroque.com.br\/informasaoroque\/wp-content\/uploads\/2024\/07\/venha_para_nossa_vitrine-768x401.jpg 768w, https:\/\/www.informasaoroque.com.br\/informasaoroque\/wp-content\/uploads\/2024\/07\/venha_para_nossa_vitrine-300x157.jpg 300w, https:\/\/www.informasaoroque.com.br\/informasaoroque\/wp-content\/uploads\/2024\/07\/venha_para_nossa_vitrine.jpg 900w\" sizes=\"(max-width: 640px) 100vw, 640px\" \/><\/div>\n\t\t<\/a>\n\t\t\t\t<div class=\"elementor-post__text\">\n\t\t\t\t<h3 class=\"elementor-post__title\">\n\t\t\t<a href=\"https:\/\/www.informasaoroque.com.br\/informasaoroque\/2024\/07\/10\/aumente-suas-vendas-venha-para-o-tudo-in-sao-roque-a-vitrine-virtual-aberta-ao-pequeno-comercio-local\/\" >\n\t\t\t\tAumente suas Vendas! Venha para o Tudo In S\u00e3o Roque, a Vitrine Virtual aberta ao pequeno com\u00e9rcio local\t\t\t<\/a>\n\t\t<\/h3>\n\t\t\t\t<div class=\"elementor-post__excerpt\">\n\t\t\t<p>Aprimore sua Experi\u00eancia de Vendas &#8211; VENHA PARA O NOSSO SHOP-COMMERCE &#8211; Encontre Tudo em um s\u00f3 lugar &#8211; Voc\u00ea j\u00e1 faz delivery para seus clientes? &#8211; Venha para nosso E-markletplace &#8211; Cadastre sua Loja<\/p>\n\t\t<\/div>\n\t\t\n\t\t<a class=\"elementor-post__read-more\" href=\"https:\/\/www.informasaoroque.com.br\/informasaoroque\/2024\/07\/10\/aumente-suas-vendas-venha-para-o-tudo-in-sao-roque-a-vitrine-virtual-aberta-ao-pequeno-comercio-local\/\" aria-label=\"Leia mais sobre Aumente suas Vendas! Venha para o Tudo In S\u00e3o Roque, a Vitrine Virtual aberta ao pequeno com\u00e9rcio local\" tabindex=\"-1\" >\n\t\t\tLeia mais \u00bb\t\t<\/a>\n\n\t\t\t\t<\/div>\n\t\t\t\t<\/article>\n\t\t\t\t<article class=\"elementor-post elementor-grid-item post-21090 post type-post status-publish format-standard has-post-thumbnail hentry category-mercado category-negocios category-noticias category-servicos tag-commerce tag-informasaoroque tag-insaoroque tag-shop tag-tudo tag-tudoinsaoroque\" role=\"listitem\">\n\t\t\t\t<a class=\"elementor-post__thumbnail__link\" href=\"https:\/\/www.informasaoroque.com.br\/informasaoroque\/2024\/05\/05\/crie-sua-loja-online-no-tudo-in-sao-roque-shop-commerce-gratuitamente\/\" tabindex=\"-1\" >\n\t\t\t<div class=\"elementor-post__thumbnail\"><img loading=\"lazy\" decoding=\"async\" width=\"640\" height=\"334\" src=\"https:\/\/www.informasaoroque.com.br\/informasaoroque\/wp-content\/uploads\/2024\/04\/tudo-na-palma-da-mao-tudoinsaoroque-768x401.jpeg\" class=\"attachment-medium_large size-medium_large wp-image-21929\" alt=\"\" srcset=\"https:\/\/www.informasaoroque.com.br\/informasaoroque\/wp-content\/uploads\/2024\/04\/tudo-na-palma-da-mao-tudoinsaoroque-768x401.jpeg 768w, https:\/\/www.informasaoroque.com.br\/informasaoroque\/wp-content\/uploads\/2024\/04\/tudo-na-palma-da-mao-tudoinsaoroque-300x157.jpeg 300w, https:\/\/www.informasaoroque.com.br\/informasaoroque\/wp-content\/uploads\/2024\/04\/tudo-na-palma-da-mao-tudoinsaoroque.jpeg 900w\" sizes=\"(max-width: 640px) 100vw, 640px\" \/><\/div>\n\t\t<\/a>\n\t\t\t\t<div class=\"elementor-post__text\">\n\t\t\t\t<h3 class=\"elementor-post__title\">\n\t\t\t<a href=\"https:\/\/www.informasaoroque.com.br\/informasaoroque\/2024\/05\/05\/crie-sua-loja-online-no-tudo-in-sao-roque-shop-commerce-gratuitamente\/\" >\n\t\t\t\tN\u00f3s criamos sua Loja Online no Tudo In S\u00e3o Roque Shop Commerce gratuitamente\t\t\t<\/a>\n\t\t<\/h3>\n\t\t\t\t<div class=\"elementor-post__excerpt\">\n\t\t\t<p>Venha para o Tudo In S\u00e3o Roque e venda online sem complica\u00e7\u00f5es e Custo Zero<br \/>\nSe voc\u00ea quer dar mais visibilidade aos produtos que j\u00e1 vende em sua loja f\u00edsica, cadastre sua loja em nossa plataforma, e venda muito mais!<br \/>\nOferecemos gratuitamente, toda a infra-estrutura do site, para que voc\u00ea possa vender online, sem burocracia, e sem complica\u00e7\u00f5es.<\/p>\n\t\t<\/div>\n\t\t\n\t\t<a class=\"elementor-post__read-more\" href=\"https:\/\/www.informasaoroque.com.br\/informasaoroque\/2024\/05\/05\/crie-sua-loja-online-no-tudo-in-sao-roque-shop-commerce-gratuitamente\/\" aria-label=\"Leia mais sobre N\u00f3s criamos sua Loja Online no Tudo In S\u00e3o Roque Shop Commerce gratuitamente\" tabindex=\"-1\" >\n\t\t\tLeia mais \u00bb\t\t<\/a>\n\n\t\t\t\t<\/div>\n\t\t\t\t<\/article>\n\t\t\t\t<\/div>\n\t\t\n\t\t\t\t\t\t<\/div>\n\t\t\t\t<\/div>\n\t\t\t\t<div class=\"elementor-element elementor-element-4fe964a3 elementor-widget elementor-widget-spacer\" data-id=\"4fe964a3\" data-element_type=\"widget\" data-e-type=\"widget\" data-widget_type=\"spacer.default\">\n\t\t\t\t<div class=\"elementor-widget-container\">\n\t\t\t\t\t\t\t<div class=\"elementor-spacer\">\n\t\t\t<div class=\"elementor-spacer-inner\"><\/div>\n\t\t<\/div>\n\t\t\t\t\t\t<\/div>\n\t\t\t\t<\/div>\n\t\t\t\t<div class=\"elementor-element elementor-element-2b37e961 elementor-grid-3 elementor-grid-tablet-2 elementor-grid-mobile-1 elementor-posts--thumbnail-top elementor-widget elementor-widget-posts\" data-id=\"2b37e961\" data-element_type=\"widget\" data-e-type=\"widget\" data-settings=\"{&quot;classic_masonry&quot;:&quot;yes&quot;,&quot;classic_columns&quot;:&quot;3&quot;,&quot;classic_columns_tablet&quot;:&quot;2&quot;,&quot;classic_columns_mobile&quot;:&quot;1&quot;,&quot;classic_row_gap&quot;:{&quot;unit&quot;:&quot;px&quot;,&quot;size&quot;:35,&quot;sizes&quot;:[]},&quot;classic_row_gap_tablet&quot;:{&quot;unit&quot;:&quot;px&quot;,&quot;size&quot;:&quot;&quot;,&quot;sizes&quot;:[]},&quot;classic_row_gap_mobile&quot;:{&quot;unit&quot;:&quot;px&quot;,&quot;size&quot;:&quot;&quot;,&quot;sizes&quot;:[]}}\" data-widget_type=\"posts.classic\">\n\t\t\t\t<div class=\"elementor-widget-container\">\n\t\t\t\t\t\t\t<div class=\"elementor-posts-container elementor-posts elementor-posts--skin-classic elementor-grid\" role=\"list\">\n\t\t\t\t<article class=\"elementor-post elementor-grid-item post-37863 post type-post status-publish format-standard has-post-thumbnail hentry category-noticias category-saude category-servicos\" role=\"listitem\">\n\t\t\t\t<a class=\"elementor-post__thumbnail__link\" href=\"https:\/\/www.informasaoroque.com.br\/informasaoroque\/2026\/09\/05\/ubs-de-sao-joao-novo-inicia-grupo-de-combate-a-insonia\/\" tabindex=\"-1\" >\n\t\t\t<div class=\"elementor-post__thumbnail\"><img loading=\"lazy\" decoding=\"async\" width=\"300\" height=\"157\" src=\"https:\/\/www.informasaoroque.com.br\/informasaoroque\/wp-content\/uploads\/2026\/09\/grupo-de-combate-a-insonia-em-sao-roque-informasaoroque-300x157.jpeg\" class=\"attachment-medium size-medium wp-image-37886\" alt=\"\" srcset=\"https:\/\/www.informasaoroque.com.br\/informasaoroque\/wp-content\/uploads\/2026\/09\/grupo-de-combate-a-insonia-em-sao-roque-informasaoroque-300x157.jpeg 300w, https:\/\/www.informasaoroque.com.br\/informasaoroque\/wp-content\/uploads\/2026\/09\/grupo-de-combate-a-insonia-em-sao-roque-informasaoroque.jpeg 600w\" sizes=\"(max-width: 300px) 100vw, 300px\" \/><\/div>\n\t\t<\/a>\n\t\t\t\t<div class=\"elementor-post__text\">\n\t\t\t\t<h3 class=\"elementor-post__title\">\n\t\t\t<a href=\"https:\/\/www.informasaoroque.com.br\/informasaoroque\/2026\/09\/05\/ubs-de-sao-joao-novo-inicia-grupo-de-combate-a-insonia\/\" >\n\t\t\t\tUBS de Sao Jo\u00e3o Novo inicia grupo de combate \u00e0 ins\u00f4nia\t\t\t<\/a>\n\t\t<\/h3>\n\t\t\t\t<div class=\"elementor-post__meta-data\">\n\t\t\t\t\t<span class=\"elementor-post-author\">\n\t\t\tInforma S\u00e3o Roque\t\t<\/span>\n\t\t\t\t<span class=\"elementor-post-date\">\n\t\t\t5 de setembro de 2026\t\t<\/span>\n\t\t\t\t<\/div>\n\t\t\t\t<div class=\"elementor-post__excerpt\">\n\t\t\t<p>S\u00e3o Roque agora conta com um grupo de combate \u00e0 ins\u00f4nia. A a\u00e7\u00e3o, realizada pelo Departamento de Sa\u00fade, acontece na UBS de S\u00e3o Jo\u00e3o Novo e busca ajudar pessoas que enfrentam dificuldades para dormir e que desejam melhorar a qualidade do sono.<\/p>\n\t\t<\/div>\n\t\t\n\t\t<a class=\"elementor-post__read-more\" href=\"https:\/\/www.informasaoroque.com.br\/informasaoroque\/2026\/09\/05\/ubs-de-sao-joao-novo-inicia-grupo-de-combate-a-insonia\/\" aria-label=\"Leia mais sobre UBS de Sao Jo\u00e3o Novo inicia grupo de combate \u00e0 ins\u00f4nia\" tabindex=\"-1\" >\n\t\t\tLeia mais \u00bb\t\t<\/a>\n\n\t\t\t\t<\/div>\n\t\t\t\t<\/article>\n\t\t\t\t<article class=\"elementor-post elementor-grid-item post-37868 post type-post status-publish format-standard has-post-thumbnail hentry category-cultura category-educacao category-noticias\" role=\"listitem\">\n\t\t\t\t<a class=\"elementor-post__thumbnail__link\" href=\"https:\/\/www.informasaoroque.com.br\/informasaoroque\/2026\/09\/05\/escola-do-futuro-e-instituto-alfa-e-beto-trazem-jogos-de-alfabetizacao-e-matematica-para-telas-interativas\/\" tabindex=\"-1\" >\n\t\t\t<div class=\"elementor-post__thumbnail\"><img loading=\"lazy\" decoding=\"async\" width=\"300\" height=\"157\" src=\"https:\/\/www.informasaoroque.com.br\/informasaoroque\/wp-content\/uploads\/2026\/09\/escola-do-futuro-em-parceria-com-instituto-alfa-e-beto-informasaoroque-300x157.jpeg\" class=\"attachment-medium size-medium wp-image-37879\" alt=\"\" srcset=\"https:\/\/www.informasaoroque.com.br\/informasaoroque\/wp-content\/uploads\/2026\/09\/escola-do-futuro-em-parceria-com-instituto-alfa-e-beto-informasaoroque-300x157.jpeg 300w, https:\/\/www.informasaoroque.com.br\/informasaoroque\/wp-content\/uploads\/2026\/09\/escola-do-futuro-em-parceria-com-instituto-alfa-e-beto-informasaoroque.jpeg 600w\" sizes=\"(max-width: 300px) 100vw, 300px\" \/><\/div>\n\t\t<\/a>\n\t\t\t\t<div class=\"elementor-post__text\">\n\t\t\t\t<h3 class=\"elementor-post__title\">\n\t\t\t<a href=\"https:\/\/www.informasaoroque.com.br\/informasaoroque\/2026\/09\/05\/escola-do-futuro-e-instituto-alfa-e-beto-trazem-jogos-de-alfabetizacao-e-matematica-para-telas-interativas\/\" >\n\t\t\t\tEscola do Futuro e Instituto Alfa e Beto trazem jogos de alfabetiza\u00e7\u00e3o e matem\u00e1tica para telas interativas\t\t\t<\/a>\n\t\t<\/h3>\n\t\t\t\t<div class=\"elementor-post__meta-data\">\n\t\t\t\t\t<span class=\"elementor-post-author\">\n\t\t\tInforma S\u00e3o Roque\t\t<\/span>\n\t\t\t\t<span class=\"elementor-post-date\">\n\t\t\t5 de setembro de 2026\t\t<\/span>\n\t\t\t\t<\/div>\n\t\t\t\t<div class=\"elementor-post__excerpt\">\n\t\t\t<p>Primeira unidade do munic\u00edpio amplia estrutura tecnol\u00f3gica com material pedag\u00f3gico em equipamentos e recebe segunda capacita\u00e7\u00e3o do Instituto Alfa e Beto<\/p>\n\t\t<\/div>\n\t\t\n\t\t<a class=\"elementor-post__read-more\" href=\"https:\/\/www.informasaoroque.com.br\/informasaoroque\/2026\/09\/05\/escola-do-futuro-e-instituto-alfa-e-beto-trazem-jogos-de-alfabetizacao-e-matematica-para-telas-interativas\/\" aria-label=\"Leia mais sobre Escola do Futuro e Instituto Alfa e Beto trazem jogos de alfabetiza\u00e7\u00e3o e matem\u00e1tica para telas interativas\" tabindex=\"-1\" >\n\t\t\tLeia mais \u00bb\t\t<\/a>\n\n\t\t\t\t<\/div>\n\t\t\t\t<\/article>\n\t\t\t\t<article class=\"elementor-post elementor-grid-item post-37849 post type-post status-publish format-standard has-post-thumbnail hentry category-cultura category-eventos category-lazer category-noticias\" role=\"listitem\">\n\t\t\t\t<a class=\"elementor-post__thumbnail__link\" href=\"https:\/\/www.informasaoroque.com.br\/informasaoroque\/2026\/09\/04\/desfile-de-7-de-setembro-2026\/\" tabindex=\"-1\" >\n\t\t\t<div class=\"elementor-post__thumbnail\"><img loading=\"lazy\" decoding=\"async\" width=\"300\" height=\"157\" src=\"https:\/\/www.informasaoroque.com.br\/informasaoroque\/wp-content\/uploads\/2025\/09\/desfile-7-de-setembro-em-sao-roque-informasaoroque-300x157.jpeg\" class=\"attachment-medium size-medium wp-image-32924\" alt=\"\" srcset=\"https:\/\/www.informasaoroque.com.br\/informasaoroque\/wp-content\/uploads\/2025\/09\/desfile-7-de-setembro-em-sao-roque-informasaoroque-300x157.jpeg 300w, https:\/\/www.informasaoroque.com.br\/informasaoroque\/wp-content\/uploads\/2025\/09\/desfile-7-de-setembro-em-sao-roque-informasaoroque-768x401.jpeg 768w, https:\/\/www.informasaoroque.com.br\/informasaoroque\/wp-content\/uploads\/2025\/09\/desfile-7-de-setembro-em-sao-roque-informasaoroque.jpeg 900w\" sizes=\"(max-width: 300px) 100vw, 300px\" \/><\/div>\n\t\t<\/a>\n\t\t\t\t<div class=\"elementor-post__text\">\n\t\t\t\t<h3 class=\"elementor-post__title\">\n\t\t\t<a href=\"https:\/\/www.informasaoroque.com.br\/informasaoroque\/2026\/09\/04\/desfile-de-7-de-setembro-2026\/\" >\n\t\t\t\tDesfile de 7 de Setembro em S\u00e3o Roque ter\u00e1 programa\u00e7\u00e3o hist\u00f3rica nesta segunda-feira\t\t\t<\/a>\n\t\t<\/h3>\n\t\t\t\t<div class=\"elementor-post__meta-data\">\n\t\t\t\t\t<span class=\"elementor-post-author\">\n\t\t\tInforma S\u00e3o Roque\t\t<\/span>\n\t\t\t\t<span class=\"elementor-post-date\">\n\t\t\t4 de setembro de 2026\t\t<\/span>\n\t\t\t\t<\/div>\n\t\t\t\t<div class=\"elementor-post__excerpt\">\n\t\t\t<p>Desfile de 7 de Setembro em S\u00e3o Roque ter\u00e1 programa\u00e7\u00e3o hist\u00f3rica nesta segunda-feira<\/p>\n\t\t<\/div>\n\t\t\n\t\t<a class=\"elementor-post__read-more\" href=\"https:\/\/www.informasaoroque.com.br\/informasaoroque\/2026\/09\/04\/desfile-de-7-de-setembro-2026\/\" aria-label=\"Leia mais sobre Desfile de 7 de Setembro em S\u00e3o Roque ter\u00e1 programa\u00e7\u00e3o hist\u00f3rica nesta segunda-feira\" tabindex=\"-1\" >\n\t\t\tLeia mais \u00bb\t\t<\/a>\n\n\t\t\t\t<\/div>\n\t\t\t\t<\/article>\n\t\t\t\t<article class=\"elementor-post elementor-grid-item post-37837 post type-post status-publish format-standard has-post-thumbnail hentry category-cultura category-educacao category-noticias\" role=\"listitem\">\n\t\t\t\t<a class=\"elementor-post__thumbnail__link\" href=\"https:\/\/www.informasaoroque.com.br\/informasaoroque\/2026\/09\/03\/oficina-gratuita-apresenta-os-fundamentos-da-direcao-de-arte-no-cinema\/\" tabindex=\"-1\" >\n\t\t\t<div class=\"elementor-post__thumbnail\"><img loading=\"lazy\" decoding=\"async\" width=\"300\" height=\"157\" src=\"https:\/\/www.informasaoroque.com.br\/informasaoroque\/wp-content\/uploads\/2026\/09\/oficina-direcao-de-arte-em-cena-informasaoroque-300x157.jpeg\" class=\"attachment-medium size-medium wp-image-37842\" alt=\"\" srcset=\"https:\/\/www.informasaoroque.com.br\/informasaoroque\/wp-content\/uploads\/2026\/09\/oficina-direcao-de-arte-em-cena-informasaoroque-300x157.jpeg 300w, https:\/\/www.informasaoroque.com.br\/informasaoroque\/wp-content\/uploads\/2026\/09\/oficina-direcao-de-arte-em-cena-informasaoroque.jpeg 600w\" sizes=\"(max-width: 300px) 100vw, 300px\" \/><\/div>\n\t\t<\/a>\n\t\t\t\t<div class=\"elementor-post__text\">\n\t\t\t\t<h3 class=\"elementor-post__title\">\n\t\t\t<a href=\"https:\/\/www.informasaoroque.com.br\/informasaoroque\/2026\/09\/03\/oficina-gratuita-apresenta-os-fundamentos-da-direcao-de-arte-no-cinema\/\" >\n\t\t\t\tOficina Gratuita apresenta os fundamentos da dire\u00e7\u00e3o de arte no cinema\t\t\t<\/a>\n\t\t<\/h3>\n\t\t\t\t<div class=\"elementor-post__meta-data\">\n\t\t\t\t\t<span class=\"elementor-post-author\">\n\t\t\tInforma S\u00e3o Roque\t\t<\/span>\n\t\t\t\t<span class=\"elementor-post-date\">\n\t\t\t3 de setembro de 2026\t\t<\/span>\n\t\t\t\t<\/div>\n\t\t\t\t<div class=\"elementor-post__excerpt\">\n\t\t\t<p>A Prefeitura de S\u00e3o Roque, em parceria com o Pontos MIS, promove no dia 15 de setembro a oficina \u201cA Dire\u00e7\u00e3o de Arte em Cena\u201d, atividade gratuita voltada a pessoas interessadas em conhecer os processos de cria\u00e7\u00e3o visual para produ\u00e7\u00f5es audiovisuais.<\/p>\n\t\t<\/div>\n\t\t\n\t\t<a class=\"elementor-post__read-more\" href=\"https:\/\/www.informasaoroque.com.br\/informasaoroque\/2026\/09\/03\/oficina-gratuita-apresenta-os-fundamentos-da-direcao-de-arte-no-cinema\/\" aria-label=\"Leia mais sobre Oficina Gratuita apresenta os fundamentos da dire\u00e7\u00e3o de arte no cinema\" tabindex=\"-1\" >\n\t\t\tLeia mais \u00bb\t\t<\/a>\n\n\t\t\t\t<\/div>\n\t\t\t\t<\/article>\n\t\t\t\t<article class=\"elementor-post elementor-grid-item post-37826 post type-post status-publish format-standard has-post-thumbnail hentry category-cultura category-noticias category-saude\" role=\"listitem\">\n\t\t\t\t<a class=\"elementor-post__thumbnail__link\" href=\"https:\/\/www.informasaoroque.com.br\/informasaoroque\/2026\/09\/02\/movimento-setembro-amarelo-2\/\" tabindex=\"-1\" >\n\t\t\t<div class=\"elementor-post__thumbnail\"><img loading=\"lazy\" decoding=\"async\" width=\"300\" height=\"157\" src=\"https:\/\/www.informasaoroque.com.br\/informasaoroque\/wp-content\/uploads\/2026\/09\/setembro-amarelo-2026-escutar-e-estar-presente-informasaoroque-300x157.jpeg\" class=\"attachment-medium size-medium wp-image-37827\" alt=\"\" srcset=\"https:\/\/www.informasaoroque.com.br\/informasaoroque\/wp-content\/uploads\/2026\/09\/setembro-amarelo-2026-escutar-e-estar-presente-informasaoroque-300x157.jpeg 300w, https:\/\/www.informasaoroque.com.br\/informasaoroque\/wp-content\/uploads\/2026\/09\/setembro-amarelo-2026-escutar-e-estar-presente-informasaoroque.jpeg 600w\" sizes=\"(max-width: 300px) 100vw, 300px\" \/><\/div>\n\t\t<\/a>\n\t\t\t\t<div class=\"elementor-post__text\">\n\t\t\t\t<h3 class=\"elementor-post__title\">\n\t\t\t<a href=\"https:\/\/www.informasaoroque.com.br\/informasaoroque\/2026\/09\/02\/movimento-setembro-amarelo-2\/\" >\n\t\t\t\tMovimento Setembro Amarelo completa onze anos com o lema \u201cEscutar \u00e9 estar presente\u201d\t\t\t<\/a>\n\t\t<\/h3>\n\t\t\t\t<div class=\"elementor-post__meta-data\">\n\t\t\t\t\t<span class=\"elementor-post-author\">\n\t\t\tInforma S\u00e3o Roque\t\t<\/span>\n\t\t\t\t<span class=\"elementor-post-date\">\n\t\t\t2 de setembro de 2026\t\t<\/span>\n\t\t\t\t<\/div>\n\t\t\t\t<div class=\"elementor-post__excerpt\">\n\t\t\t<p>Campanha do CVV para o Setembro Amarelo 2026 refor\u00e7a que ouvir com aten\u00e7\u00e3o, sem julgamentos, pode fazer a diferen\u00e7a na vida de quem enfrenta sofrimento emocional<\/p>\n\t\t<\/div>\n\t\t\n\t\t<a class=\"elementor-post__read-more\" href=\"https:\/\/www.informasaoroque.com.br\/informasaoroque\/2026\/09\/02\/movimento-setembro-amarelo-2\/\" aria-label=\"Leia mais sobre Movimento Setembro Amarelo completa onze anos com o lema \u201cEscutar \u00e9 estar presente\u201d\" tabindex=\"-1\" >\n\t\t\tLeia mais \u00bb\t\t<\/a>\n\n\t\t\t\t<\/div>\n\t\t\t\t<\/article>\n\t\t\t\t<article class=\"elementor-post elementor-grid-item post-37808 post type-post status-publish format-standard has-post-thumbnail hentry category-empregos category-noticias\" role=\"listitem\">\n\t\t\t\t<a class=\"elementor-post__thumbnail__link\" href=\"https:\/\/www.informasaoroque.com.br\/informasaoroque\/2026\/09\/01\/pat-sao-roque-traz-novas-vagas-para-balconista-de-acougue-cozinheiro-estoquista-maitre-e-muito-mais\/\" tabindex=\"-1\" >\n\t\t\t<div class=\"elementor-post__thumbnail\"><img loading=\"lazy\" decoding=\"async\" width=\"300\" height=\"157\" src=\"https:\/\/www.informasaoroque.com.br\/informasaoroque\/wp-content\/uploads\/2022\/12\/pat_capa-300x157.jpg\" class=\"attachment-medium size-medium wp-image-6166\" alt=\"\" srcset=\"https:\/\/www.informasaoroque.com.br\/informasaoroque\/wp-content\/uploads\/2022\/12\/pat_capa-300x157.jpg 300w, https:\/\/www.informasaoroque.com.br\/informasaoroque\/wp-content\/uploads\/2022\/12\/pat_capa.jpg 600w\" sizes=\"(max-width: 300px) 100vw, 300px\" \/><\/div>\n\t\t<\/a>\n\t\t\t\t<div class=\"elementor-post__text\">\n\t\t\t\t<h3 class=\"elementor-post__title\">\n\t\t\t<a href=\"https:\/\/www.informasaoroque.com.br\/informasaoroque\/2026\/09\/01\/pat-sao-roque-traz-novas-vagas-para-balconista-de-acougue-cozinheiro-estoquista-maitre-e-muito-mais\/\" >\n\t\t\t\tPat S\u00e3o Roque traz novas vagas para Balconista de A\u00e7ougue, Cozinheiro, Estoquista, Ma\u00eetre e muito mais\t\t\t<\/a>\n\t\t<\/h3>\n\t\t\t\t<div class=\"elementor-post__meta-data\">\n\t\t\t\t\t<span class=\"elementor-post-author\">\n\t\t\tInforma S\u00e3o Roque\t\t<\/span>\n\t\t\t\t<span class=\"elementor-post-date\">\n\t\t\t1 de setembro de 2026\t\t<\/span>\n\t\t\t\t<\/div>\n\t\t\t\t<div class=\"elementor-post__excerpt\">\n\t\t\t<p>A Prefeitura de S\u00e3o Roque divulga as vagas de emprego cadastradas no Posto de Atendimento ao Trabalhador (PAT).\u00a0<\/p>\n<p>Atualizado no dia 31\/08\/2026<\/p>\n\t\t<\/div>\n\t\t\n\t\t<a class=\"elementor-post__read-more\" href=\"https:\/\/www.informasaoroque.com.br\/informasaoroque\/2026\/09\/01\/pat-sao-roque-traz-novas-vagas-para-balconista-de-acougue-cozinheiro-estoquista-maitre-e-muito-mais\/\" aria-label=\"Leia mais sobre Pat S\u00e3o Roque traz novas vagas para Balconista de A\u00e7ougue, Cozinheiro, Estoquista, Ma\u00eetre e muito mais\" tabindex=\"-1\" >\n\t\t\tLeia mais \u00bb\t\t<\/a>\n\n\t\t\t\t<\/div>\n\t\t\t\t<\/article>\n\t\t\t\t<article class=\"elementor-post elementor-grid-item post-37796 post type-post status-publish format-standard has-post-thumbnail hentry category-cultura category-eventos category-negocios category-noticias category-servicos category-turismo\" role=\"listitem\">\n\t\t\t\t<a class=\"elementor-post__thumbnail__link\" href=\"https:\/\/www.informasaoroque.com.br\/informasaoroque\/2026\/09\/01\/prefeitura-abre-inscricoes-para-comerciantes-no-desfile-de-7-de-setembro\/\" tabindex=\"-1\" >\n\t\t\t<div class=\"elementor-post__thumbnail\"><img loading=\"lazy\" decoding=\"async\" width=\"300\" height=\"157\" src=\"https:\/\/www.informasaoroque.com.br\/informasaoroque\/wp-content\/uploads\/2026\/09\/desfile-civico-7-de-setembro-2026-informasaoroque-300x157.jpeg\" class=\"attachment-medium size-medium wp-image-37798\" alt=\"\" srcset=\"https:\/\/www.informasaoroque.com.br\/informasaoroque\/wp-content\/uploads\/2026\/09\/desfile-civico-7-de-setembro-2026-informasaoroque-300x157.jpeg 300w, https:\/\/www.informasaoroque.com.br\/informasaoroque\/wp-content\/uploads\/2026\/09\/desfile-civico-7-de-setembro-2026-informasaoroque.jpeg 600w\" sizes=\"(max-width: 300px) 100vw, 300px\" \/><\/div>\n\t\t<\/a>\n\t\t\t\t<div class=\"elementor-post__text\">\n\t\t\t\t<h3 class=\"elementor-post__title\">\n\t\t\t<a href=\"https:\/\/www.informasaoroque.com.br\/informasaoroque\/2026\/09\/01\/prefeitura-abre-inscricoes-para-comerciantes-no-desfile-de-7-de-setembro\/\" >\n\t\t\t\tPrefeitura abre inscri\u00e7\u00f5es para comerciantes no desfile de 7 de setembro\t\t\t<\/a>\n\t\t<\/h3>\n\t\t\t\t<div class=\"elementor-post__meta-data\">\n\t\t\t\t\t<span class=\"elementor-post-author\">\n\t\t\tInforma S\u00e3o Roque\t\t<\/span>\n\t\t\t\t<span class=\"elementor-post-date\">\n\t\t\t1 de setembro de 2026\t\t<\/span>\n\t\t\t\t<\/div>\n\t\t\t\t<div class=\"elementor-post__excerpt\">\n\t\t\t<p>A Prefeitura de S\u00e3o Roque abriu as inscri\u00e7\u00f5es para comerciantes interessados em levar seus produtos para a edi\u00e7\u00e3o 2026 do Desfile de 7 de Setembro, que acontece na pr\u00f3xima segunda-feira, dia 7, na Avenida Bandeirantes.<\/p>\n\t\t<\/div>\n\t\t\n\t\t<a class=\"elementor-post__read-more\" href=\"https:\/\/www.informasaoroque.com.br\/informasaoroque\/2026\/09\/01\/prefeitura-abre-inscricoes-para-comerciantes-no-desfile-de-7-de-setembro\/\" aria-label=\"Leia mais sobre Prefeitura abre inscri\u00e7\u00f5es para comerciantes no desfile de 7 de setembro\" tabindex=\"-1\" >\n\t\t\tLeia mais \u00bb\t\t<\/a>\n\n\t\t\t\t<\/div>\n\t\t\t\t<\/article>\n\t\t\t\t<article class=\"elementor-post elementor-grid-item post-37753 post type-post status-publish format-standard has-post-thumbnail hentry category-meio-ambiente category-noticias category-politica category-servicos\" role=\"listitem\">\n\t\t\t\t<a class=\"elementor-post__thumbnail__link\" href=\"https:\/\/www.informasaoroque.com.br\/informasaoroque\/2026\/08\/31\/lobo-guara-resgatado-em-sao-roque-retorna-a-natureza\/\" tabindex=\"-1\" >\n\t\t\t<div class=\"elementor-post__thumbnail\"><img loading=\"lazy\" decoding=\"async\" width=\"300\" height=\"157\" src=\"https:\/\/www.informasaoroque.com.br\/informasaoroque\/wp-content\/uploads\/2026\/08\/lobo-guara-resgatado-em-sao-roque-volta-para-a-natureza-informasaoroque-300x157.jpeg\" class=\"attachment-medium size-medium wp-image-37756\" alt=\"\" srcset=\"https:\/\/www.informasaoroque.com.br\/informasaoroque\/wp-content\/uploads\/2026\/08\/lobo-guara-resgatado-em-sao-roque-volta-para-a-natureza-informasaoroque-300x157.jpeg 300w, https:\/\/www.informasaoroque.com.br\/informasaoroque\/wp-content\/uploads\/2026\/08\/lobo-guara-resgatado-em-sao-roque-volta-para-a-natureza-informasaoroque.jpeg 600w\" sizes=\"(max-width: 300px) 100vw, 300px\" \/><\/div>\n\t\t<\/a>\n\t\t\t\t<div class=\"elementor-post__text\">\n\t\t\t\t<h3 class=\"elementor-post__title\">\n\t\t\t<a href=\"https:\/\/www.informasaoroque.com.br\/informasaoroque\/2026\/08\/31\/lobo-guara-resgatado-em-sao-roque-retorna-a-natureza\/\" >\n\t\t\t\tLobo-guar\u00e1 resgatado em S\u00e3o Roque retorna \u00e0 natureza\t\t\t<\/a>\n\t\t<\/h3>\n\t\t\t\t<div class=\"elementor-post__meta-data\">\n\t\t\t\t\t<span class=\"elementor-post-author\">\n\t\t\tInforma S\u00e3o Roque\t\t<\/span>\n\t\t\t\t<span class=\"elementor-post-date\">\n\t\t\t31 de agosto de 2026\t\t<\/span>\n\t\t\t\t<\/div>\n\t\t\t\t<div class=\"elementor-post__excerpt\">\n\t\t\t<p>O lobo-guar\u00e1 resgatado na regi\u00e3o do Pav\u00e3o, em S\u00e3o Roque, voltou \u00e0 natureza na manh\u00e3 deste domingo, dia 30 de agosto, em um momento marcado pela emo\u00e7\u00e3o e pelo sucesso do trabalho conjunto realizado pela Prefeitura de S\u00e3o Roque, Guarda Civil Municipal, equipe de Meio Ambiente e o N\u00facleo da Floresta.\u00a0<\/p>\n\t\t<\/div>\n\t\t\n\t\t<a class=\"elementor-post__read-more\" href=\"https:\/\/www.informasaoroque.com.br\/informasaoroque\/2026\/08\/31\/lobo-guara-resgatado-em-sao-roque-retorna-a-natureza\/\" aria-label=\"Leia mais sobre Lobo-guar\u00e1 resgatado em S\u00e3o Roque retorna \u00e0 natureza\" tabindex=\"-1\" >\n\t\t\tLeia mais \u00bb\t\t<\/a>\n\n\t\t\t\t<\/div>\n\t\t\t\t<\/article>\n\t\t\t\t<article class=\"elementor-post elementor-grid-item post-37744 post type-post status-publish format-standard has-post-thumbnail hentry category-meio-ambiente category-noticias category-obras-infra-estrutura category-servicos\" role=\"listitem\">\n\t\t\t\t<a class=\"elementor-post__thumbnail__link\" href=\"https:\/\/www.informasaoroque.com.br\/informasaoroque\/2026\/08\/31\/comecaram-as-obras-de-troca-do-piso-da-praca-da-matriz\/\" tabindex=\"-1\" >\n\t\t\t<div class=\"elementor-post__thumbnail\"><img loading=\"lazy\" decoding=\"async\" width=\"300\" height=\"157\" src=\"https:\/\/www.informasaoroque.com.br\/informasaoroque\/wp-content\/uploads\/2026\/08\/troca-do-piso-da-praca-da-matriz-informasaoroque-300x157.jpeg\" class=\"attachment-medium size-medium wp-image-37766\" alt=\"\" srcset=\"https:\/\/www.informasaoroque.com.br\/informasaoroque\/wp-content\/uploads\/2026\/08\/troca-do-piso-da-praca-da-matriz-informasaoroque-300x157.jpeg 300w, https:\/\/www.informasaoroque.com.br\/informasaoroque\/wp-content\/uploads\/2026\/08\/troca-do-piso-da-praca-da-matriz-informasaoroque.jpeg 600w\" sizes=\"(max-width: 300px) 100vw, 300px\" \/><\/div>\n\t\t<\/a>\n\t\t\t\t<div class=\"elementor-post__text\">\n\t\t\t\t<h3 class=\"elementor-post__title\">\n\t\t\t<a href=\"https:\/\/www.informasaoroque.com.br\/informasaoroque\/2026\/08\/31\/comecaram-as-obras-de-troca-do-piso-da-praca-da-matriz\/\" >\n\t\t\t\tCome\u00e7aram as obras de troca do piso da Pra\u00e7a da Matriz\t\t\t<\/a>\n\t\t<\/h3>\n\t\t\t\t<div class=\"elementor-post__meta-data\">\n\t\t\t\t\t<span class=\"elementor-post-author\">\n\t\t\tInforma S\u00e3o Roque\t\t<\/span>\n\t\t\t\t<span class=\"elementor-post-date\">\n\t\t\t31 de agosto de 2026\t\t<\/span>\n\t\t\t\t<\/div>\n\t\t\t\t<div class=\"elementor-post__excerpt\">\n\t\t\t<p>Come\u00e7aram nesta semana as obras de revitaliza\u00e7\u00e3o do piso Pra\u00e7a da Matriz, no Centro de S\u00e3o Roque. Com os trabalhos, o antigo piso ser\u00e1 substitu\u00eddo por material intertravado, o mesmo utilizado na revitaliza\u00e7\u00e3o do Cal\u00e7ad\u00e3o, oferecendo mais seguran\u00e7a para a circula\u00e7\u00e3o de pedestres, al\u00e9m de facilitar a manuten\u00e7\u00e3o e contribuir para a redu\u00e7\u00e3o dos custos de conserva\u00e7\u00e3o do espa\u00e7o ao longo do tempo.<\/p>\n\t\t<\/div>\n\t\t\n\t\t<a class=\"elementor-post__read-more\" href=\"https:\/\/www.informasaoroque.com.br\/informasaoroque\/2026\/08\/31\/comecaram-as-obras-de-troca-do-piso-da-praca-da-matriz\/\" aria-label=\"Leia mais sobre Come\u00e7aram as obras de troca do piso da Pra\u00e7a da Matriz\" tabindex=\"-1\" >\n\t\t\tLeia mais \u00bb\t\t<\/a>\n\n\t\t\t\t<\/div>\n\t\t\t\t<\/article>\n\t\t\t\t<\/div>\n\t\t\n\t\t\t\t\t\t<\/div>\n\t\t\t\t<\/div>\n\t\t\t\t\t<\/div>\n\t\t<\/div>\n\t\t\t\t\t<\/div>\n\t\t<\/section>\n\t\t\t\t<section class=\"elementor-section elementor-top-section elementor-element elementor-element-686ee567 elementor-section-stretched elementor-section-boxed elementor-section-height-default elementor-section-height-default\" data-id=\"686ee567\" data-element_type=\"section\" data-e-type=\"section\" data-settings=\"{&quot;stretch_section&quot;:&quot;section-stretched&quot;}\">\n\t\t\t\t\t\t<div class=\"elementor-container elementor-column-gap-default\">\n\t\t\t\t\t<div class=\"elementor-column elementor-col-100 elementor-top-column elementor-element elementor-element-5bb81685\" data-id=\"5bb81685\" data-element_type=\"column\" data-e-type=\"column\">\n\t\t\t<div class=\"elementor-widget-wrap elementor-element-populated\">\n\t\t\t\t\t\t<div class=\"elementor-element elementor-element-5f8bd2d0 elementor-widget elementor-widget-spacer\" data-id=\"5f8bd2d0\" data-element_type=\"widget\" data-e-type=\"widget\" data-widget_type=\"spacer.default\">\n\t\t\t\t<div class=\"elementor-widget-container\">\n\t\t\t\t\t\t\t<div class=\"elementor-spacer\">\n\t\t\t<div class=\"elementor-spacer-inner\"><\/div>\n\t\t<\/div>\n\t\t\t\t\t\t<\/div>\n\t\t\t\t<\/div>\n\t\t\t\t\t<\/div>\n\t\t<\/div>\n\t\t\t\t\t<\/div>\n\t\t<\/section>\n\t\t\t\t<\/div>\n\t\t","protected":false},"excerpt":{"rendered":"<p>Todo in\u00edcio de ano \u00e9 assim: a gente faz um monte de planos e promessas, que muitas vezes n\u00e3o s\u00e3o cumpridas. Mas uma coisa n\u00e3o pode ficar de lado: a sa\u00fade, tanto f\u00edsica, quanto mental.<\/p>\n","protected":false},"author":3,"featured_media":27921,"comment_status":"closed","ping_status":"open","sticky":false,"template":"elementor_canvas","format":"standard","meta":{"cybocfi_hide_featured_image":"","footnotes":""},"categories":[104,103,1,109],"tags":[],"class_list":["post-27915","post","type-post","status-publish","format-standard","has-post-thumbnail","hentry","category-cultura","category-educacao","category-noticias","category-saude"],"yoast_head":"<!-- This site is optimized with the Yoast SEO plugin v28.3 - https:\/\/yoast.com\/product\/yoast-seo-wordpress\/ -->\n<title>Campanha Janeiro Branco estimula o bem-estar emocional - Informa S\u00e3o Roque<\/title>\n<meta name=\"robots\" content=\"index, follow, max-snippet:-1, max-image-preview:large, max-video-preview:-1\" \/>\n<link rel=\"canonical\" href=\"https:\/\/www.informasaoroque.com.br\/informasaoroque\/2025\/01\/04\/campanha-janeiro-branco-estimula-o-bem-estar-emocional\/\" \/>\n<meta property=\"og:locale\" content=\"pt_BR\" \/>\n<meta property=\"og:type\" content=\"article\" \/>\n<meta property=\"og:title\" content=\"Campanha Janeiro Branco estimula o bem-estar emocional - Informa S\u00e3o Roque\" \/>\n<meta property=\"og:description\" content=\"Todo in\u00edcio de ano \u00e9 assim: a gente faz um monte de planos e promessas, que muitas vezes n\u00e3o s\u00e3o cumpridas. Mas uma coisa n\u00e3o pode ficar de lado: a sa\u00fade, tanto f\u00edsica, quanto mental.\" \/>\n<meta property=\"og:url\" content=\"https:\/\/www.informasaoroque.com.br\/informasaoroque\/2025\/01\/04\/campanha-janeiro-branco-estimula-o-bem-estar-emocional\/\" \/>\n<meta property=\"og:site_name\" content=\"Informa S\u00e3o Roque\" \/>\n<meta property=\"article:publisher\" content=\"https:\/\/www.facebook.com\/informasaoroque\" \/>\n<meta property=\"article:author\" content=\"https:\/\/www.facebook.com\/informasaoroque\" \/>\n<meta property=\"article:published_time\" content=\"2025-01-04T16:46:26+00:00\" \/>\n<meta property=\"article:modified_time\" content=\"2026-08-17T11:45:27+00:00\" \/>\n<meta property=\"og:image\" content=\"https:\/\/www.informasaoroque.com.br\/informasaoroque\/wp-content\/uploads\/2025\/01\/janeiro-branco-2025-informasaoroque.jpg\" \/>\n\t<meta property=\"og:image:width\" content=\"605\" \/>\n\t<meta property=\"og:image:height\" content=\"321\" \/>\n\t<meta property=\"og:image:type\" content=\"image\/jpeg\" \/>\n<meta name=\"author\" content=\"Informa S\u00e3o Roque\" \/>\n<meta name=\"twitter:card\" content=\"summary_large_image\" \/>\n<meta name=\"twitter:creator\" content=\"@https:\/\/twitter.com\/INFORMASAOROQUE\" \/>\n<meta name=\"twitter:site\" content=\"@INFORMASAOROQUE\" \/>\n<meta name=\"twitter:label1\" content=\"Escrito por\" \/>\n\t<meta name=\"twitter:data1\" content=\"Informa S\u00e3o Roque\" \/>\n\t<meta name=\"twitter:label2\" content=\"Est. tempo de leitura\" \/>\n\t<meta name=\"twitter:data2\" content=\"5 minutos\" \/>\n<script type=\"application\/ld+json\" class=\"yoast-schema-graph\">{\"@context\":\"https:\\\/\\\/schema.org\",\"@graph\":[{\"@type\":\"Article\",\"@id\":\"https:\\\/\\\/www.informasaoroque.com.br\\\/informasaoroque\\\/2025\\\/01\\\/04\\\/campanha-janeiro-branco-estimula-o-bem-estar-emocional\\\/#article\",\"isPartOf\":{\"@id\":\"https:\\\/\\\/www.informasaoroque.com.br\\\/informasaoroque\\\/2025\\\/01\\\/04\\\/campanha-janeiro-branco-estimula-o-bem-estar-emocional\\\/\"},\"author\":{\"name\":\"Informa S\u00e3o Roque\",\"@id\":\"https:\\\/\\\/www.informasaoroque.com.br\\\/informasaoroque\\\/#\\\/schema\\\/person\\\/1573efd3d30c7e65887d263d47199963\"},\"headline\":\"Campanha Janeiro Branco estimula o bem-estar emocional\",\"datePublished\":\"2025-01-04T16:46:26+00:00\",\"dateModified\":\"2026-08-17T11:45:27+00:00\",\"mainEntityOfPage\":{\"@id\":\"https:\\\/\\\/www.informasaoroque.com.br\\\/informasaoroque\\\/2025\\\/01\\\/04\\\/campanha-janeiro-branco-estimula-o-bem-estar-emocional\\\/\"},\"wordCount\":785,\"publisher\":{\"@id\":\"https:\\\/\\\/www.informasaoroque.com.br\\\/informasaoroque\\\/#organization\"},\"image\":{\"@id\":\"https:\\\/\\\/www.informasaoroque.com.br\\\/informasaoroque\\\/2025\\\/01\\\/04\\\/campanha-janeiro-branco-estimula-o-bem-estar-emocional\\\/#primaryimage\"},\"thumbnailUrl\":\"https:\\\/\\\/www.informasaoroque.com.br\\\/informasaoroque\\\/wp-content\\\/uploads\\\/2025\\\/01\\\/janeiro-branco-2025-informasaoroque.jpg\",\"articleSection\":[\"Cultura\",\"Educa\u00e7\u00e3o\",\"Not\u00edcias\",\"Sa\u00fade\"],\"inLanguage\":\"pt-BR\"},{\"@type\":\"WebPage\",\"@id\":\"https:\\\/\\\/www.informasaoroque.com.br\\\/informasaoroque\\\/2025\\\/01\\\/04\\\/campanha-janeiro-branco-estimula-o-bem-estar-emocional\\\/\",\"url\":\"https:\\\/\\\/www.informasaoroque.com.br\\\/informasaoroque\\\/2025\\\/01\\\/04\\\/campanha-janeiro-branco-estimula-o-bem-estar-emocional\\\/\",\"name\":\"Campanha Janeiro Branco estimula o bem-estar emocional - Informa S\u00e3o Roque\",\"isPartOf\":{\"@id\":\"https:\\\/\\\/www.informasaoroque.com.br\\\/informasaoroque\\\/#website\"},\"primaryImageOfPage\":{\"@id\":\"https:\\\/\\\/www.informasaoroque.com.br\\\/informasaoroque\\\/2025\\\/01\\\/04\\\/campanha-janeiro-branco-estimula-o-bem-estar-emocional\\\/#primaryimage\"},\"image\":{\"@id\":\"https:\\\/\\\/www.informasaoroque.com.br\\\/informasaoroque\\\/2025\\\/01\\\/04\\\/campanha-janeiro-branco-estimula-o-bem-estar-emocional\\\/#primaryimage\"},\"thumbnailUrl\":\"https:\\\/\\\/www.informasaoroque.com.br\\\/informasaoroque\\\/wp-content\\\/uploads\\\/2025\\\/01\\\/janeiro-branco-2025-informasaoroque.jpg\",\"datePublished\":\"2025-01-04T16:46:26+00:00\",\"dateModified\":\"2026-08-17T11:45:27+00:00\",\"breadcrumb\":{\"@id\":\"https:\\\/\\\/www.informasaoroque.com.br\\\/informasaoroque\\\/2025\\\/01\\\/04\\\/campanha-janeiro-branco-estimula-o-bem-estar-emocional\\\/#breadcrumb\"},\"inLanguage\":\"pt-BR\",\"potentialAction\":[{\"@type\":\"ReadAction\",\"target\":[\"https:\\\/\\\/www.informasaoroque.com.br\\\/informasaoroque\\\/2025\\\/01\\\/04\\\/campanha-janeiro-branco-estimula-o-bem-estar-emocional\\\/\"]}]},{\"@type\":\"ImageObject\",\"inLanguage\":\"pt-BR\",\"@id\":\"https:\\\/\\\/www.informasaoroque.com.br\\\/informasaoroque\\\/2025\\\/01\\\/04\\\/campanha-janeiro-branco-estimula-o-bem-estar-emocional\\\/#primaryimage\",\"url\":\"https:\\\/\\\/www.informasaoroque.com.br\\\/informasaoroque\\\/wp-content\\\/uploads\\\/2025\\\/01\\\/janeiro-branco-2025-informasaoroque.jpg\",\"contentUrl\":\"https:\\\/\\\/www.informasaoroque.com.br\\\/informasaoroque\\\/wp-content\\\/uploads\\\/2025\\\/01\\\/janeiro-branco-2025-informasaoroque.jpg\",\"width\":605,\"height\":321},{\"@type\":\"BreadcrumbList\",\"@id\":\"https:\\\/\\\/www.informasaoroque.com.br\\\/informasaoroque\\\/2025\\\/01\\\/04\\\/campanha-janeiro-branco-estimula-o-bem-estar-emocional\\\/#breadcrumb\",\"itemListElement\":[{\"@type\":\"ListItem\",\"position\":1,\"name\":\"In\u00edcio\",\"item\":\"https:\\\/\\\/www.informasaoroque.com.br\\\/informasaoroque\\\/\"},{\"@type\":\"ListItem\",\"position\":2,\"name\":\"Campanha Janeiro Branco estimula o bem-estar emocional\"}]},{\"@type\":\"WebSite\",\"@id\":\"https:\\\/\\\/www.informasaoroque.com.br\\\/informasaoroque\\\/#website\",\"url\":\"https:\\\/\\\/www.informasaoroque.com.br\\\/informasaoroque\\\/\",\"name\":\"Informa S\u00e3o Roque\",\"description\":\"Informa\u00e7\u00e3o e Cultura em Revista\",\"publisher\":{\"@id\":\"https:\\\/\\\/www.informasaoroque.com.br\\\/informasaoroque\\\/#organization\"},\"potentialAction\":[{\"@type\":\"SearchAction\",\"target\":{\"@type\":\"EntryPoint\",\"urlTemplate\":\"https:\\\/\\\/www.informasaoroque.com.br\\\/informasaoroque\\\/?s={search_term_string}\"},\"query-input\":{\"@type\":\"PropertyValueSpecification\",\"valueRequired\":true,\"valueName\":\"search_term_string\"}}],\"inLanguage\":\"pt-BR\"},{\"@type\":\"Organization\",\"@id\":\"https:\\\/\\\/www.informasaoroque.com.br\\\/informasaoroque\\\/#organization\",\"name\":\"Informa S\u00e3o Roque\",\"url\":\"https:\\\/\\\/www.informasaoroque.com.br\\\/informasaoroque\\\/\",\"logo\":{\"@type\":\"ImageObject\",\"inLanguage\":\"pt-BR\",\"@id\":\"https:\\\/\\\/www.informasaoroque.com.br\\\/informasaoroque\\\/#\\\/schema\\\/logo\\\/image\\\/\",\"url\":\"https:\\\/\\\/www.informasaoroque.com.br\\\/informasaoroque\\\/wp-content\\\/uploads\\\/2022\\\/02\\\/cropped-cropped-logo.jpg\",\"contentUrl\":\"https:\\\/\\\/www.informasaoroque.com.br\\\/informasaoroque\\\/wp-content\\\/uploads\\\/2022\\\/02\\\/cropped-cropped-logo.jpg\",\"width\":188,\"height\":138,\"caption\":\"Informa S\u00e3o Roque\"},\"image\":{\"@id\":\"https:\\\/\\\/www.informasaoroque.com.br\\\/informasaoroque\\\/#\\\/schema\\\/logo\\\/image\\\/\"},\"sameAs\":[\"https:\\\/\\\/www.facebook.com\\\/informasaoroque\",\"https:\\\/\\\/x.com\\\/INFORMASAOROQUE\",\"https:\\\/\\\/www.instagram.com\\\/informasaoroque\\\/\"]},{\"@type\":\"Person\",\"@id\":\"https:\\\/\\\/www.informasaoroque.com.br\\\/informasaoroque\\\/#\\\/schema\\\/person\\\/1573efd3d30c7e65887d263d47199963\",\"name\":\"Informa S\u00e3o Roque\",\"image\":{\"@type\":\"ImageObject\",\"inLanguage\":\"pt-BR\",\"@id\":\"http:\\\/\\\/www.informasaoroque.com.br\\\/informasaoroque\\\/wp-content\\\/uploads\\\/2022\\\/02\\\/favicon1-96x96.jpg\",\"url\":\"http:\\\/\\\/www.informasaoroque.com.br\\\/informasaoroque\\\/wp-content\\\/uploads\\\/2022\\\/02\\\/favicon1-96x96.jpg\",\"contentUrl\":\"http:\\\/\\\/www.informasaoroque.com.br\\\/informasaoroque\\\/wp-content\\\/uploads\\\/2022\\\/02\\\/favicon1-96x96.jpg\",\"caption\":\"Informa S\u00e3o Roque\"},\"sameAs\":[\"http:\\\/\\\/www.informasaoroque.com.br\",\"https:\\\/\\\/www.facebook.com\\\/informasaoroque\",\"https:\\\/\\\/www.instagram.com\\\/informasaoroque\\\/\",\"https:\\\/\\\/x.com\\\/https:\\\/\\\/twitter.com\\\/INFORMASAOROQUE\",\"https:\\\/\\\/www.youtube.com\\\/channel\\\/UCpOQXX2BFKBFzzLuREy5skA\"],\"url\":\"https:\\\/\\\/www.informasaoroque.com.br\\\/informasaoroque\\\/author\\\/admin\\\/\"}]}<\/script>\n<!-- \/ Yoast SEO plugin. -->","yoast_head_json":{"title":"Campanha Janeiro Branco estimula o bem-estar emocional - Informa S\u00e3o Roque","robots":{"index":"index","follow":"follow","max-snippet":"max-snippet:-1","max-image-preview":"max-image-preview:large","max-video-preview":"max-video-preview:-1"},"canonical":"https:\/\/www.informasaoroque.com.br\/informasaoroque\/2025\/01\/04\/campanha-janeiro-branco-estimula-o-bem-estar-emocional\/","og_locale":"pt_BR","og_type":"article","og_title":"Campanha Janeiro Branco estimula o bem-estar emocional - Informa S\u00e3o Roque","og_description":"Todo in\u00edcio de ano \u00e9 assim: a gente faz um monte de planos e promessas, que muitas vezes n\u00e3o s\u00e3o cumpridas. Mas uma coisa n\u00e3o pode ficar de lado: a sa\u00fade, tanto f\u00edsica, quanto mental.","og_url":"https:\/\/www.informasaoroque.com.br\/informasaoroque\/2025\/01\/04\/campanha-janeiro-branco-estimula-o-bem-estar-emocional\/","og_site_name":"Informa S\u00e3o Roque","article_publisher":"https:\/\/www.facebook.com\/informasaoroque","article_author":"https:\/\/www.facebook.com\/informasaoroque","article_published_time":"2025-01-04T16:46:26+00:00","article_modified_time":"2026-08-17T11:45:27+00:00","og_image":[{"width":605,"height":321,"url":"https:\/\/www.informasaoroque.com.br\/informasaoroque\/wp-content\/uploads\/2025\/01\/janeiro-branco-2025-informasaoroque.jpg","type":"image\/jpeg"}],"author":"Informa S\u00e3o Roque","twitter_card":"summary_large_image","twitter_creator":"@https:\/\/twitter.com\/INFORMASAOROQUE","twitter_site":"@INFORMASAOROQUE","twitter_misc":{"Escrito por":"Informa S\u00e3o Roque","Est. tempo de leitura":"5 minutos"},"schema":{"@context":"https:\/\/schema.org","@graph":[{"@type":"Article","@id":"https:\/\/www.informasaoroque.com.br\/informasaoroque\/2025\/01\/04\/campanha-janeiro-branco-estimula-o-bem-estar-emocional\/#article","isPartOf":{"@id":"https:\/\/www.informasaoroque.com.br\/informasaoroque\/2025\/01\/04\/campanha-janeiro-branco-estimula-o-bem-estar-emocional\/"},"author":{"name":"Informa S\u00e3o Roque","@id":"https:\/\/www.informasaoroque.com.br\/informasaoroque\/#\/schema\/person\/1573efd3d30c7e65887d263d47199963"},"headline":"Campanha Janeiro Branco estimula o bem-estar emocional","datePublished":"2025-01-04T16:46:26+00:00","dateModified":"2026-08-17T11:45:27+00:00","mainEntityOfPage":{"@id":"https:\/\/www.informasaoroque.com.br\/informasaoroque\/2025\/01\/04\/campanha-janeiro-branco-estimula-o-bem-estar-emocional\/"},"wordCount":785,"publisher":{"@id":"https:\/\/www.informasaoroque.com.br\/informasaoroque\/#organization"},"image":{"@id":"https:\/\/www.informasaoroque.com.br\/informasaoroque\/2025\/01\/04\/campanha-janeiro-branco-estimula-o-bem-estar-emocional\/#primaryimage"},"thumbnailUrl":"https:\/\/www.informasaoroque.com.br\/informasaoroque\/wp-content\/uploads\/2025\/01\/janeiro-branco-2025-informasaoroque.jpg","articleSection":["Cultura","Educa\u00e7\u00e3o","Not\u00edcias","Sa\u00fade"],"inLanguage":"pt-BR"},{"@type":"WebPage","@id":"https:\/\/www.informasaoroque.com.br\/informasaoroque\/2025\/01\/04\/campanha-janeiro-branco-estimula-o-bem-estar-emocional\/","url":"https:\/\/www.informasaoroque.com.br\/informasaoroque\/2025\/01\/04\/campanha-janeiro-branco-estimula-o-bem-estar-emocional\/","name":"Campanha Janeiro Branco estimula o bem-estar emocional - Informa S\u00e3o Roque","isPartOf":{"@id":"https:\/\/www.informasaoroque.com.br\/informasaoroque\/#website"},"primaryImageOfPage":{"@id":"https:\/\/www.informasaoroque.com.br\/informasaoroque\/2025\/01\/04\/campanha-janeiro-branco-estimula-o-bem-estar-emocional\/#primaryimage"},"image":{"@id":"https:\/\/www.informasaoroque.com.br\/informasaoroque\/2025\/01\/04\/campanha-janeiro-branco-estimula-o-bem-estar-emocional\/#primaryimage"},"thumbnailUrl":"https:\/\/www.informasaoroque.com.br\/informasaoroque\/wp-content\/uploads\/2025\/01\/janeiro-branco-2025-informasaoroque.jpg","datePublished":"2025-01-04T16:46:26+00:00","dateModified":"2026-08-17T11:45:27+00:00","breadcrumb":{"@id":"https:\/\/www.informasaoroque.com.br\/informasaoroque\/2025\/01\/04\/campanha-janeiro-branco-estimula-o-bem-estar-emocional\/#breadcrumb"},"inLanguage":"pt-BR","potentialAction":[{"@type":"ReadAction","target":["https:\/\/www.informasaoroque.com.br\/informasaoroque\/2025\/01\/04\/campanha-janeiro-branco-estimula-o-bem-estar-emocional\/"]}]},{"@type":"ImageObject","inLanguage":"pt-BR","@id":"https:\/\/www.informasaoroque.com.br\/informasaoroque\/2025\/01\/04\/campanha-janeiro-branco-estimula-o-bem-estar-emocional\/#primaryimage","url":"https:\/\/www.informasaoroque.com.br\/informasaoroque\/wp-content\/uploads\/2025\/01\/janeiro-branco-2025-informasaoroque.jpg","contentUrl":"https:\/\/www.informasaoroque.com.br\/informasaoroque\/wp-content\/uploads\/2025\/01\/janeiro-branco-2025-informasaoroque.jpg","width":605,"height":321},{"@type":"BreadcrumbList","@id":"https:\/\/www.informasaoroque.com.br\/informasaoroque\/2025\/01\/04\/campanha-janeiro-branco-estimula-o-bem-estar-emocional\/#breadcrumb","itemListElement":[{"@type":"ListItem","position":1,"name":"In\u00edcio","item":"https:\/\/www.informasaoroque.com.br\/informasaoroque\/"},{"@type":"ListItem","position":2,"name":"Campanha Janeiro Branco estimula o bem-estar emocional"}]},{"@type":"WebSite","@id":"https:\/\/www.informasaoroque.com.br\/informasaoroque\/#website","url":"https:\/\/www.informasaoroque.com.br\/informasaoroque\/","name":"Informa S\u00e3o Roque","description":"Informa\u00e7\u00e3o e Cultura em Revista","publisher":{"@id":"https:\/\/www.informasaoroque.com.br\/informasaoroque\/#organization"},"potentialAction":[{"@type":"SearchAction","target":{"@type":"EntryPoint","urlTemplate":"https:\/\/www.informasaoroque.com.br\/informasaoroque\/?s={search_term_string}"},"query-input":{"@type":"PropertyValueSpecification","valueRequired":true,"valueName":"search_term_string"}}],"inLanguage":"pt-BR"},{"@type":"Organization","@id":"https:\/\/www.informasaoroque.com.br\/informasaoroque\/#organization","name":"Informa S\u00e3o Roque","url":"https:\/\/www.informasaoroque.com.br\/informasaoroque\/","logo":{"@type":"ImageObject","inLanguage":"pt-BR","@id":"https:\/\/www.informasaoroque.com.br\/informasaoroque\/#\/schema\/logo\/image\/","url":"https:\/\/www.informasaoroque.com.br\/informasaoroque\/wp-content\/uploads\/2022\/02\/cropped-cropped-logo.jpg","contentUrl":"https:\/\/www.informasaoroque.com.br\/informasaoroque\/wp-content\/uploads\/2022\/02\/cropped-cropped-logo.jpg","width":188,"height":138,"caption":"Informa S\u00e3o Roque"},"image":{"@id":"https:\/\/www.informasaoroque.com.br\/informasaoroque\/#\/schema\/logo\/image\/"},"sameAs":["https:\/\/www.facebook.com\/informasaoroque","https:\/\/x.com\/INFORMASAOROQUE","https:\/\/www.instagram.com\/informasaoroque\/"]},{"@type":"Person","@id":"https:\/\/www.informasaoroque.com.br\/informasaoroque\/#\/schema\/person\/1573efd3d30c7e65887d263d47199963","name":"Informa S\u00e3o Roque","image":{"@type":"ImageObject","inLanguage":"pt-BR","@id":"http:\/\/www.informasaoroque.com.br\/informasaoroque\/wp-content\/uploads\/2022\/02\/favicon1-96x96.jpg","url":"http:\/\/www.informasaoroque.com.br\/informasaoroque\/wp-content\/uploads\/2022\/02\/favicon1-96x96.jpg","contentUrl":"http:\/\/www.informasaoroque.com.br\/informasaoroque\/wp-content\/uploads\/2022\/02\/favicon1-96x96.jpg","caption":"Informa S\u00e3o Roque"},"sameAs":["http:\/\/www.informasaoroque.com.br","https:\/\/www.facebook.com\/informasaoroque","https:\/\/www.instagram.com\/informasaoroque\/","https:\/\/x.com\/https:\/\/twitter.com\/INFORMASAOROQUE","https:\/\/www.youtube.com\/channel\/UCpOQXX2BFKBFzzLuREy5skA"],"url":"https:\/\/www.informasaoroque.com.br\/informasaoroque\/author\/admin\/"}]}},"_links":{"self":[{"href":"https:\/\/www.informasaoroque.com.br\/informasaoroque\/wp-json\/wp\/v2\/posts\/27915","targetHints":{"allow":["GET"]}}],"collection":[{"href":"https:\/\/www.informasaoroque.com.br\/informasaoroque\/wp-json\/wp\/v2\/posts"}],"about":[{"href":"https:\/\/www.informasaoroque.com.br\/informasaoroque\/wp-json\/wp\/v2\/types\/post"}],"author":[{"embeddable":true,"href":"https:\/\/www.informasaoroque.com.br\/informasaoroque\/wp-json\/wp\/v2\/users\/3"}],"replies":[{"embeddable":true,"href":"https:\/\/www.informasaoroque.com.br\/informasaoroque\/wp-json\/wp\/v2\/comments?post=27915"}],"version-history":[{"count":9,"href":"https:\/\/www.informasaoroque.com.br\/informasaoroque\/wp-json\/wp\/v2\/posts\/27915\/revisions"}],"predecessor-version":[{"id":28050,"href":"https:\/\/www.informasaoroque.com.br\/informasaoroque\/wp-json\/wp\/v2\/posts\/27915\/revisions\/28050"}],"wp:featuredmedia":[{"embeddable":true,"href":"https:\/\/www.informasaoroque.com.br\/informasaoroque\/wp-json\/wp\/v2\/media\/27921"}],"wp:attachment":[{"href":"https:\/\/www.informasaoroque.com.br\/informasaoroque\/wp-json\/wp\/v2\/media?parent=27915"}],"wp:term":[{"taxonomy":"category","embeddable":true,"href":"https:\/\/www.informasaoroque.com.br\/informasaoroque\/wp-json\/wp\/v2\/categories?post=27915"},{"taxonomy":"post_tag","embeddable":true,"href":"https:\/\/www.informasaoroque.com.br\/informasaoroque\/wp-json\/wp\/v2\/tags?post=27915"}],"curies":[{"name":"wp","href":"https:\/\/api.w.org\/{rel}","templated":true}]}}