{"id":37796,"date":"2026-09-01T09:35:19","date_gmt":"2026-09-01T12:35:19","guid":{"rendered":"https:\/\/www.informasaoroque.com.br\/informasaoroque\/?p=37796"},"modified":"2026-09-01T21:57:47","modified_gmt":"2026-09-02T00:57:47","slug":"prefeitura-abre-inscricoes-para-comerciantes-no-desfile-de-7-de-setembro","status":"publish","type":"post","link":"https:\/\/www.informasaoroque.com.br\/informasaoroque\/2026\/09\/01\/prefeitura-abre-inscricoes-para-comerciantes-no-desfile-de-7-de-setembro\/","title":{"rendered":"Prefeitura abre inscri\u00e7\u00f5es para comerciantes no desfile de 7 de setembro"},"content":{"rendered":"\t\t<div data-elementor-type=\"wp-post\" data-elementor-id=\"37796\" class=\"elementor elementor-37796\" data-elementor-post-type=\"post\">\n\t\t\t\t<div class=\"elementor-element elementor-element-19f5d7a9 e-flex e-con-boxed e-con e-parent\" data-id=\"19f5d7a9\" data-element_type=\"container\" data-e-type=\"container\" data-settings=\"{&quot;background_background&quot;:&quot;classic&quot;}\">\n\t\t\t\t\t<div class=\"e-con-inner\">\n\t\t<div class=\"elementor-element elementor-element-3f75e80 e-con-full e-flex e-con e-child\" data-id=\"3f75e80\" data-element_type=\"container\" data-e-type=\"container\">\n\t\t\t\t<div class=\"elementor-element elementor-element-46c296d6 uael-nav-menu-toggle-label-yes uael-menu-item-space-between uael-submenu-icon-arrow uael-link-redirect-child uael-nav-menu-label-align-right elementor-widget elementor-widget-uael-nav-menu\" data-id=\"46c296d6\" data-element_type=\"widget\" data-e-type=\"widget\" data-widget_type=\"uael-nav-menu.default\">\n\t\t\t\t<div class=\"elementor-widget-container\">\n\t\t\t\t\t\t\t\t<div class=\"uael-widget-container\">\n\t\t\t\t<div role=\"button\" class=\"uael-nav-menu__toggle elementor-clickable uael-flyout-trigger\" tabindex=\"0\">\n\t\t\t\t\t<span class=\"screen-reader-text\">Flyout Menu<\/span>\n\t\t\t\t\t\t<div class=\"uael-nav-menu-icon\" tabindex=\"0\" >\n\t\t\t\t\t\t\t<i aria-hidden=\"true\" class=\"fas fa-align-justify\"><\/i>\t\t\t\t\t\t<\/div>\n\t\t\t\t\t\t\t\t\t\t\t\t\t<span class=\"uael-nav-menu-label\">Menu<\/span>\n\t\t\t\t\t\t\t\t\t\t<\/div>\n\t\t\t\t<div class=\"uael-flyout-wrapper\" >\n\t\t\t\t\t<div class=\"uael-flyout-overlay elementor-clickable\"><\/div>\n\t\t\t\t\t<div class=\"uael-flyout-container\">\n\t\t\t\t\t\t<div id=\"uael-flyout-content-id-46c296d6\" class=\"uael-side uael-flyout-left uael-flyout-open\" data-layout=\"left\" data-flyout-type=\"normal\">\n\t\t\t\t\t\t\t<div class=\"uael-flyout-content push\">\n\t\t\t\t\t\t\t\t\t\t\t\t\t\t\t\t\t<nav ><ul id=\"menu-1-46c296d6\" class=\"uael-nav-menu\"><li id=\"menu-item-26446\" class=\"menu-item menu-item-type-taxonomy menu-item-object-category parent uael-creative-menu\"><a href=\"https:\/\/www.informasaoroque.com.br\/informasaoroque\/category\/eleicoes-2024\/\" class = \"uael-menu-item\">ELEI\u00c7\u00d5ES 2024<\/a><\/li>\n<li id=\"menu-item-18953\" class=\"menu-item menu-item-type-taxonomy menu-item-object-category menu-item-has-children parent uael-has-submenu uael-creative-menu\"><div class=\"uael-has-submenu-container\"><a href=\"https:\/\/www.informasaoroque.com.br\/informasaoroque\/category\/noticias\/\" class = \"uael-menu-item\">Not\u00edcias<span class='uael-menu-toggle sub-arrow uael-menu-child-0'><i class='fa'><\/i><\/span><\/a><\/div>\n<ul class=\"sub-menu\">\n\t<li id=\"menu-item-28951\" class=\"menu-item menu-item-type-post_type menu-item-object-page current_page_parent uael-creative-menu\"><a href=\"https:\/\/www.informasaoroque.com.br\/informasaoroque\/materias-postagens\/\" class = \"uael-sub-menu-item\">Informa S\u00e3o Roque &#8211; Not\u00edcias<\/a><\/li>\n<\/ul>\n<\/li>\n<li id=\"menu-item-22945\" class=\"menu-item menu-item-type-taxonomy menu-item-object-category parent uael-creative-menu\"><a href=\"https:\/\/www.informasaoroque.com.br\/informasaoroque\/category\/turismo\/eventos\/\" class = \"uael-menu-item\">Eventos<\/a><\/li>\n<li id=\"menu-item-19829\" class=\"menu-item menu-item-type-post_type menu-item-object-page parent uael-creative-menu\"><a href=\"https:\/\/www.informasaoroque.com.br\/informasaoroque\/contato\/\" class = \"uael-menu-item\">Contato<\/a><\/li>\n<li id=\"menu-item-18960\" class=\"menu-item menu-item-type-taxonomy menu-item-object-category menu-item-has-children parent uael-has-submenu uael-creative-menu\"><div class=\"uael-has-submenu-container\"><a href=\"https:\/\/www.informasaoroque.com.br\/informasaoroque\/category\/turismo\/\" class = \"uael-menu-item\">Turismo<span class='uael-menu-toggle sub-arrow uael-menu-child-0'><i class='fa'><\/i><\/span><\/a><\/div>\n<ul class=\"sub-menu\">\n\t<li id=\"menu-item-18961\" class=\"menu-item menu-item-type-taxonomy menu-item-object-category uael-creative-menu\"><a href=\"https:\/\/www.informasaoroque.com.br\/informasaoroque\/category\/turismo\/dicas\/\" class = \"uael-sub-menu-item\">Dicas<\/a><\/li>\n\t<li id=\"menu-item-23045\" class=\"menu-item menu-item-type-taxonomy menu-item-object-category uael-creative-menu\"><a href=\"https:\/\/www.informasaoroque.com.br\/informasaoroque\/category\/turismo\/eventos\/\" class = \"uael-sub-menu-item\">Eventos<\/a><\/li>\n\t<li id=\"menu-item-28629\" class=\"menu-item menu-item-type-post_type menu-item-object-page uael-creative-menu\"><a href=\"https:\/\/www.informasaoroque.com.br\/informasaoroque\/agenda-de-eventos-2026-sao-roque-sp-2\/\" class = \"uael-sub-menu-item\">AGENDA DA CIDADE 2025 \u2013 S\u00e3o Roque \u2013 SP<\/a><\/li>\n\t<li id=\"menu-item-19146\" class=\"menu-item menu-item-type-post_type menu-item-object-page uael-creative-menu\"><a href=\"https:\/\/www.informasaoroque.com.br\/informasaoroque\/morro-do-saboo-ares-europeus-nas-montanhas-sao-roquenses\/\" class = \"uael-sub-menu-item\">Morro do Sabo\u00f3 \u2013 Ares Europeus nas montanhas s\u00e3o-roquenses<\/a><\/li>\n\t<li id=\"menu-item-19145\" class=\"menu-item menu-item-type-post_type menu-item-object-page uael-creative-menu\"><a href=\"https:\/\/www.informasaoroque.com.br\/informasaoroque\/capela-de-santo-antonio\/\" class = \"uael-sub-menu-item\">Capela de Santo Ant\u00f4nio: Hist\u00f3ria, tombamento e inclus\u00e3o ao patrim\u00f4nio hist\u00f3rico e art\u00edstico nacional<\/a><\/li>\n<\/ul>\n<\/li>\n<li id=\"menu-item-18944\" class=\"menu-item menu-item-type-taxonomy menu-item-object-category menu-item-has-children parent uael-has-submenu uael-creative-menu\"><div class=\"uael-has-submenu-container\"><a href=\"https:\/\/www.informasaoroque.com.br\/informasaoroque\/category\/cultura\/\" class = \"uael-menu-item\">Cultura<span class='uael-menu-toggle sub-arrow uael-menu-child-0'><i class='fa'><\/i><\/span><\/a><\/div>\n<ul class=\"sub-menu\">\n\t<li id=\"menu-item-19682\" class=\"menu-item menu-item-type-post_type menu-item-object-page uael-creative-menu\"><a href=\"https:\/\/www.informasaoroque.com.br\/informasaoroque\/a-historia-de-sao-roque-o-santo-padroeiro\/\" class = \"uael-sub-menu-item\">A Hist\u00f3ria de S\u00e3o Roque \u2013 O Santo Padroeiro<\/a><\/li>\n\t<li id=\"menu-item-19144\" class=\"menu-item menu-item-type-post_type menu-item-object-page uael-creative-menu\"><a href=\"https:\/\/www.informasaoroque.com.br\/informasaoroque\/brasital-a-antiga-tecelagem-brasil-italia-que-transformou-se-no-centro-cultural-brasital\/\" class = \"uael-sub-menu-item\">Brasital \u2013 A antiga tecelagem \u201cEnrico Dell\u2019Acqua &#038; Cia\u201d que hoje abriga o Centro Educacional e Cultural Brasital<\/a><\/li>\n\t<li id=\"menu-item-19150\" class=\"menu-item menu-item-type-post_type menu-item-object-post uael-creative-menu\"><a href=\"https:\/\/www.informasaoroque.com.br\/informasaoroque\/2023\/04\/02\/a-contribuicao-da-colonia-italiana-para-a-formacao-da-vitivinicultura-em-sao-roque\/\" class = \"uael-sub-menu-item\">A contribui\u00e7\u00e3o da col\u00f4nia italiana para a forma\u00e7\u00e3o da vitivinicultura em S\u00e3o Roque<\/a><\/li>\n\t<li id=\"menu-item-19680\" class=\"menu-item menu-item-type-post_type menu-item-object-page uael-creative-menu\"><a href=\"https:\/\/www.informasaoroque.com.br\/informasaoroque\/hino-oficial-da-estancia-turistica-de-sao-roque\/\" class = \"uael-sub-menu-item\">Hino Oficial da Est\u00e2ncia Tur\u00edstica de S\u00e3o Roque<\/a><\/li>\n\t<li id=\"menu-item-19683\" class=\"menu-item menu-item-type-post_type menu-item-object-page uael-creative-menu\"><a href=\"https:\/\/www.informasaoroque.com.br\/informasaoroque\/descricao-do-brasao-de-armas-e-simbolos-municipais\/\" class = \"uael-sub-menu-item\">Descri\u00e7\u00e3o do Bras\u00e3o de Armas e S\u00edmbolos Municipais<\/a><\/li>\n\t<li id=\"menu-item-19681\" class=\"menu-item menu-item-type-post_type menu-item-object-page uael-creative-menu\"><a href=\"https:\/\/www.informasaoroque.com.br\/informasaoroque\/a-historia-da-antiga-festa-do-vinho\/\" class = \"uael-sub-menu-item\">A Hist\u00f3ria da antiga Festa do Vinho em S\u00e3o Roque e um pequeno hist\u00f3rico das Vinhas e do Vinho<\/a><\/li>\n\t<li id=\"menu-item-19684\" class=\"menu-item menu-item-type-post_type menu-item-object-page uael-creative-menu\"><a href=\"https:\/\/www.informasaoroque.com.br\/informasaoroque\/festas-de-agosto-uma-tradicao-historica\/\" class = \"uael-sub-menu-item\">Festas de Agosto: Uma Tradi\u00e7\u00e3o Hist\u00f3rica \u2013 Conhe\u00e7a a hist\u00f3ria da festa que faz parte do nosso roteiro tur\u00edstico<\/a><\/li>\n\t<li id=\"menu-item-19678\" class=\"menu-item menu-item-type-post_type menu-item-object-page uael-creative-menu\"><a href=\"https:\/\/www.informasaoroque.com.br\/informasaoroque\/brasital-a-antiga-tecelagem-brasil-italia-que-transformou-se-no-centro-cultural-brasital\/\" class = \"uael-sub-menu-item\">Brasital \u2013 A antiga tecelagem \u201cEnrico Dell\u2019Acqua &#038; Cia\u201d que hoje abriga o Centro Educacional e Cultural Brasital<\/a><\/li>\n<\/ul>\n<\/li>\n<li id=\"menu-item-18945\" class=\"menu-item menu-item-type-taxonomy menu-item-object-category parent uael-creative-menu\"><a href=\"https:\/\/www.informasaoroque.com.br\/informasaoroque\/category\/educacao\/\" class = \"uael-menu-item\">Educa\u00e7\u00e3o<\/a><\/li>\n<li id=\"menu-item-18950\" class=\"menu-item menu-item-type-taxonomy menu-item-object-category menu-item-has-children parent uael-has-submenu uael-creative-menu\"><div class=\"uael-has-submenu-container\"><a href=\"https:\/\/www.informasaoroque.com.br\/informasaoroque\/category\/meio-ambiente\/\" class = \"uael-menu-item\">Meio Ambiente<span class='uael-menu-toggle sub-arrow uael-menu-child-0'><i class='fa'><\/i><\/span><\/a><\/div>\n<ul class=\"sub-menu\">\n\t<li id=\"menu-item-19679\" class=\"menu-item menu-item-type-post_type menu-item-object-page uael-creative-menu\"><a href=\"https:\/\/www.informasaoroque.com.br\/informasaoroque\/dados-geograficos-e-ambientais\/\" class = \"uael-sub-menu-item\">Dados Geogr\u00e1ficos e Ambientais<\/a><\/li>\n\t<li id=\"menu-item-28774\" class=\"menu-item menu-item-type-post_type menu-item-object-page uael-creative-menu\"><a href=\"https:\/\/www.informasaoroque.com.br\/informasaoroque\/itinerario-da-coleta-de-reciclavel-em-sao-roque\/\" class = \"uael-sub-menu-item\">Itiner\u00e1rio da Coleta Seletiva de Lixo Recicl\u00e1vel em S\u00e3o Roque<\/a><\/li>\n\t<li id=\"menu-item-28775\" class=\"menu-item menu-item-type-post_type menu-item-object-page uael-creative-menu\"><a href=\"https:\/\/www.informasaoroque.com.br\/informasaoroque\/coleta-de-lixo-em-sao-roque-horarios-dias-e-locais\/\" class = \"uael-sub-menu-item\">Cronograma da Coleta de Lixo Domiciliar por bairros em S\u00e3o Roque: Dias, Hor\u00e1rios e Locais<\/a><\/li>\n\t<li id=\"menu-item-19151\" class=\"menu-item menu-item-type-post_type menu-item-object-post uael-creative-menu\"><a href=\"https:\/\/www.informasaoroque.com.br\/informasaoroque\/2023\/08\/06\/vertebrados-da-mata-da-camara-guia-visual-e-fotografico-uma-obra-produzida-por-alunos-e-professores-do-ifsp-sao-roque\/\" class = \"uael-sub-menu-item\">\u201cVertebrados da Mata da C\u00e2mara: Guia Visual e Fotogr\u00e1fico\u201d \u2013 Uma obra produzida por Alunos e Professores do IFSP-S\u00e3o Roque<\/a><\/li>\n<\/ul>\n<\/li>\n<li id=\"menu-item-18956\" class=\"menu-item menu-item-type-taxonomy menu-item-object-category parent uael-creative-menu\"><a href=\"https:\/\/www.informasaoroque.com.br\/informasaoroque\/category\/saude\/\" class = \"uael-menu-item\">Sa\u00fade<\/a><\/li>\n<li id=\"menu-item-18946\" class=\"menu-item menu-item-type-taxonomy menu-item-object-category parent uael-creative-menu\"><a href=\"https:\/\/www.informasaoroque.com.br\/informasaoroque\/category\/empregos\/\" class = \"uael-menu-item\">Empregos<\/a><\/li>\n<li id=\"menu-item-18947\" class=\"menu-item menu-item-type-taxonomy menu-item-object-category parent uael-creative-menu\"><a href=\"https:\/\/www.informasaoroque.com.br\/informasaoroque\/category\/esportes\/\" class = \"uael-menu-item\">Esportes<\/a><\/li>\n<li id=\"menu-item-18957\" class=\"menu-item menu-item-type-taxonomy menu-item-object-category parent uael-creative-menu\"><a href=\"https:\/\/www.informasaoroque.com.br\/informasaoroque\/category\/seguranca\/\" class = \"uael-menu-item\">Seguran\u00e7a<\/a><\/li>\n<li id=\"menu-item-18949\" class=\"menu-item menu-item-type-taxonomy menu-item-object-category parent uael-creative-menu\"><a href=\"https:\/\/www.informasaoroque.com.br\/informasaoroque\/category\/lazer\/\" class = \"uael-menu-item\">Lazer<\/a><\/li>\n<li id=\"menu-item-18948\" class=\"menu-item menu-item-type-taxonomy menu-item-object-category parent uael-creative-menu\"><a href=\"https:\/\/www.informasaoroque.com.br\/informasaoroque\/category\/gastronomia\/\" class = \"uael-menu-item\">Gastronomia<\/a><\/li>\n<li id=\"menu-item-18951\" class=\"menu-item menu-item-type-taxonomy menu-item-object-category parent uael-creative-menu\"><a href=\"https:\/\/www.informasaoroque.com.br\/informasaoroque\/category\/mercado\/\" class = \"uael-menu-item\">Mercado<\/a><\/li>\n<li id=\"menu-item-18952\" class=\"menu-item menu-item-type-taxonomy menu-item-object-category menu-item-has-children parent uael-has-submenu uael-creative-menu\"><div class=\"uael-has-submenu-container\"><a href=\"https:\/\/www.informasaoroque.com.br\/informasaoroque\/category\/negocios\/\" class = \"uael-menu-item\">Neg\u00f3cios<span class='uael-menu-toggle sub-arrow uael-menu-child-0'><i class='fa'><\/i><\/span><\/a><\/div>\n<ul class=\"sub-menu\">\n\t<li id=\"menu-item-24649\" class=\"menu-item menu-item-type-custom menu-item-object-custom uael-creative-menu\"><a href=\"https:\/\/www.tudoinsaoroque.com.br\/cadastro-loja\/\" class = \"uael-sub-menu-item\">CADASTRE SUA LOJA no Tudo In S\u00e3o Roque Shop Commerce!<\/a><\/li>\n\t<li id=\"menu-item-24650\" class=\"menu-item menu-item-type-custom menu-item-object-custom uael-creative-menu\"><a href=\"https:\/\/www.tudoinsaoroque.com.br\/cadastro-produtos\/\" class = \"uael-sub-menu-item\">ANUHCIE SEUS P\u0154ODUTOS no Tudo In S\u00e3o Roque Shop&#8217;Commerce!<\/a><\/li>\n<\/ul>\n<\/li>\n<li id=\"menu-item-18954\" class=\"menu-item menu-item-type-taxonomy menu-item-object-category parent uael-creative-menu\"><a href=\"https:\/\/www.informasaoroque.com.br\/informasaoroque\/category\/obras-infra-estrutura\/\" class = \"uael-menu-item\">OBRAS<\/a><\/li>\n<li id=\"menu-item-18959\" class=\"menu-item menu-item-type-taxonomy menu-item-object-category parent uael-creative-menu\"><a href=\"https:\/\/www.informasaoroque.com.br\/informasaoroque\/category\/transporte\/\" class = \"uael-menu-item\">Tr\u00e2nsito<\/a><\/li>\n<li id=\"menu-item-18955\" class=\"menu-item menu-item-type-taxonomy menu-item-object-category parent uael-creative-menu\"><a href=\"https:\/\/www.informasaoroque.com.br\/informasaoroque\/category\/politica\/\" class = \"uael-menu-item\">pol\u00edtica<\/a><\/li>\n<li id=\"menu-item-18958\" class=\"menu-item menu-item-type-taxonomy menu-item-object-category menu-item-has-children parent uael-has-submenu uael-creative-menu\"><div class=\"uael-has-submenu-container\"><a href=\"https:\/\/www.informasaoroque.com.br\/informasaoroque\/category\/servicos\/\" class = \"uael-menu-item\">Servi\u00e7os<span class='uael-menu-toggle sub-arrow uael-menu-child-0'><i class='fa'><\/i><\/span><\/a><\/div>\n<ul class=\"sub-menu\">\n\t<li id=\"menu-item-19147\" class=\"menu-item menu-item-type-post_type menu-item-object-page uael-creative-menu\"><a href=\"https:\/\/www.informasaoroque.com.br\/informasaoroque\/telefones-uteis\/\" class = \"uael-sub-menu-item\">Telefones \u00dateis em S\u00e3o Roque \u2013 Emerg\u00eancias, Servi\u00e7os P\u00fablicos, Institui\u00e7\u00f5es<\/a><\/li>\n\t<li id=\"menu-item-19677\" class=\"menu-item menu-item-type-post_type menu-item-object-page uael-creative-menu\"><a href=\"https:\/\/www.informasaoroque.com.br\/informasaoroque\/coleta-de-lixo-em-sao-roque-horarios-dias-e-locais\/\" class = \"uael-sub-menu-item\">Cronograma da Coleta de Lixo Domiciliar por bairros em S\u00e3o Roque: Dias, Hor\u00e1rios e Locais<\/a><\/li>\n\t<li id=\"menu-item-24892\" class=\"menu-item menu-item-type-post_type menu-item-object-page uael-creative-menu\"><a href=\"https:\/\/www.informasaoroque.com.br\/informasaoroque\/lista-de-telefones-e-ramais-dos-departamentos-da-prefeitura-municipal-de-sao-roque\/\" class = \"uael-sub-menu-item\">Lista de Telefones e Ramais dos Departamentos da Prefeitura Municipal de S\u00e3o Roque<\/a><\/li>\n<\/ul>\n<\/li>\n<li id=\"menu-item-19149\" class=\"menu-item menu-item-type-post_type menu-item-object-page parent uael-creative-menu\"><a href=\"https:\/\/www.informasaoroque.com.br\/informasaoroque\/politica-de-privacidade\/\" class = \"uael-menu-item\">Pol\u00edtica de privacidade<\/a><\/li>\n<\/ul><\/nav>\n\t\t\t\t\t\t\t\t\t\t\t\t\t\t\t\t\t<div class=\"elementor-clickable uael-flyout-close\" tabindex=\"0\">\n\t\t\t\t\t\t\t\t\t<i aria-hidden=\"true\" class=\"far fa-window-close\"><\/i>\t\t\t\t\t\t\t\t<\/div>\n\t\t\t\t\t\t\t<\/div>\n\t\t\t\t\t\t<\/div>\n\t\t\t\t\t<\/div>\n\t\t\t\t<\/div>\n\t\t\t<\/div>\n\t\t\t\t\t\t\t<\/div>\n\t\t\t\t<\/div>\n\t\t\t\t<\/div>\n\t\t<div class=\"elementor-element elementor-element-54ca8ae e-con-full e-flex e-con e-child\" data-id=\"54ca8ae\" data-element_type=\"container\" data-e-type=\"container\">\n\t\t\t\t<div class=\"elementor-element elementor-element-35411253 elementor-widget elementor-widget-image\" data-id=\"35411253\" data-element_type=\"widget\" data-e-type=\"widget\" data-widget_type=\"image.default\">\n\t\t\t\t<div class=\"elementor-widget-container\">\n\t\t\t\t\t\t\t\t\t\t\t\t\t\t\t\t<a href=\"https:\/\/www.informasaoroque.com.br\/informasaoroque\/\">\n\t\t\t\t\t\t\t<img decoding=\"async\" width=\"150\" height=\"150\" src=\"https:\/\/www.informasaoroque.com.br\/informasaoroque\/wp-content\/uploads\/2022\/02\/favicon1-150x150.jpg\" class=\"attachment-thumbnail size-thumbnail wp-image-35\" alt=\"\" srcset=\"https:\/\/www.informasaoroque.com.br\/informasaoroque\/wp-content\/uploads\/2022\/02\/favicon1-150x150.jpg 150w, https:\/\/www.informasaoroque.com.br\/informasaoroque\/wp-content\/uploads\/2022\/02\/favicon1-100x100.jpg 100w, https:\/\/www.informasaoroque.com.br\/informasaoroque\/wp-content\/uploads\/2022\/02\/favicon1.jpg 246w\" sizes=\"(max-width: 150px) 100vw, 150px\" \/>\t\t\t\t\t\t\t\t<\/a>\n\t\t\t\t\t\t\t\t\t\t\t\t\t\t\t<\/div>\n\t\t\t\t<\/div>\n\t\t\t\t<\/div>\n\t\t<div class=\"elementor-element elementor-element-5c2bbde4 e-con-full e-flex e-con e-child\" data-id=\"5c2bbde4\" data-element_type=\"container\" data-e-type=\"container\">\n\t\t\t\t<div class=\"elementor-element elementor-element-7a1b890b elementor-widget elementor-widget-heading\" data-id=\"7a1b890b\" data-element_type=\"widget\" data-e-type=\"widget\" data-widget_type=\"heading.default\">\n\t\t\t\t<div class=\"elementor-widget-container\">\n\t\t\t\t\t<h2 class=\"elementor-heading-title elementor-size-default\"><a href=\"https:\/\/www.informasaoroque.com.br\/informasaoroque\/\">Informa\nS\u00e3o Roque<\/a><\/h2>\t\t\t\t<\/div>\n\t\t\t\t<\/div>\n\t\t\t\t<div class=\"elementor-element elementor-element-272d1477 elementor-widget elementor-widget-text-editor\" data-id=\"272d1477\" data-element_type=\"widget\" data-e-type=\"widget\" data-widget_type=\"text-editor.default\">\n\t\t\t\t<div class=\"elementor-widget-container\">\n\t\t\t\t\t\t\t\t\t<p>Informa\u00e7\u00e3o e Cultura em Revista<\/p>\t\t\t\t\t\t\t\t<\/div>\n\t\t\t\t<\/div>\n\t\t\t\t<\/div>\n\t\t<div class=\"elementor-element elementor-element-2bed7f28 e-con-full e-flex e-con e-child\" data-id=\"2bed7f28\" data-element_type=\"container\" data-e-type=\"container\">\n\t\t\t\t<div class=\"elementor-element elementor-element-6240d66a elementor-widget elementor-widget-text-editor\" data-id=\"6240d66a\" data-element_type=\"widget\" data-e-type=\"widget\" data-widget_type=\"text-editor.default\">\n\t\t\t\t<div class=\"elementor-widget-container\">\n\t\t\t\t\t\t\t\t\t<p>BUSCAR<\/p>\t\t\t\t\t\t\t\t<\/div>\n\t\t\t\t<\/div>\n\t\t\t\t<div class=\"elementor-element elementor-element-62a7815b elementor-widget elementor-widget-wp-widget-search\" data-id=\"62a7815b\" data-element_type=\"widget\" data-e-type=\"widget\" data-widget_type=\"wp-widget-search.default\">\n\t\t\t\t<div class=\"elementor-widget-container\">\n\t\t\t\t\t<form role=\"search\" method=\"get\" id=\"searchform\" action=\"https:\/\/www.informasaoroque.com.br\/informasaoroque\/\">\r\n  <div class=\"input-group\">\r\n    <input type=\"search\" class=\"form-control\" placeholder=\"Search\" value=\"\" name=\"s\" \/>\r\n    <span class=\"input-group-btn btn-default\">\r\n    <button type=\"submit\" class=\"btn\"> <i class=\"fas fa-search\"><\/i> <\/button>\r\n    <\/span> <\/div>\r\n<\/form>\t\t\t\t<\/div>\n\t\t\t\t<\/div>\n\t\t\t\t<\/div>\n\t\t\t\t\t<\/div>\n\t\t\t\t<\/div>\n\t\t\t\t<section class=\"elementor-section elementor-top-section elementor-element elementor-element-b5a35af elementor-section-boxed elementor-section-height-default elementor-section-height-default\" data-id=\"b5a35af\" data-element_type=\"section\" data-e-type=\"section\" data-settings=\"{&quot;background_background&quot;:&quot;classic&quot;}\">\n\t\t\t\t\t\t<div class=\"elementor-container elementor-column-gap-default\">\n\t\t\t\t\t<div class=\"elementor-column elementor-col-100 elementor-top-column elementor-element elementor-element-505f6bfa\" data-id=\"505f6bfa\" data-element_type=\"column\" data-e-type=\"column\">\n\t\t\t<div class=\"elementor-widget-wrap elementor-element-populated\">\n\t\t\t\t\t\t<div class=\"elementor-element elementor-element-18a78d89 elementor-widget elementor-widget-spacer\" data-id=\"18a78d89\" data-element_type=\"widget\" data-e-type=\"widget\" data-widget_type=\"spacer.default\">\n\t\t\t\t<div class=\"elementor-widget-container\">\n\t\t\t\t\t\t\t<div class=\"elementor-spacer\">\n\t\t\t<div class=\"elementor-spacer-inner\"><\/div>\n\t\t<\/div>\n\t\t\t\t\t\t<\/div>\n\t\t\t\t<\/div>\n\t\t\t\t<div class=\"elementor-element elementor-element-78356ccc animated-fast elementor-invisible elementor-widget elementor-widget-heading\" data-id=\"78356ccc\" data-element_type=\"widget\" data-e-type=\"widget\" data-settings=\"{&quot;_animation&quot;:&quot;fadeInUp&quot;,&quot;_animation_delay&quot;:300}\" data-widget_type=\"heading.default\">\n\t\t\t\t<div class=\"elementor-widget-container\">\n\t\t\t\t\t<h3 class=\"elementor-heading-title elementor-size-default\">EVENTO<\/h3>\t\t\t\t<\/div>\n\t\t\t\t<\/div>\n\t\t\t\t<div class=\"elementor-element elementor-element-1209fa05 elementor-widget elementor-widget-heading\" data-id=\"1209fa05\" data-element_type=\"widget\" data-e-type=\"widget\" data-widget_type=\"heading.default\">\n\t\t\t\t<div class=\"elementor-widget-container\">\n\t\t\t\t\t<h2 class=\"elementor-heading-title elementor-size-default\">Prefeitura abre inscri\u00e7\u00f5es para comerciantes no desfile de 7 de setembro<\/h2>\t\t\t\t<\/div>\n\t\t\t\t<\/div>\n\t\t\t\t\t<\/div>\n\t\t<\/div>\n\t\t\t\t\t<\/div>\n\t\t<\/section>\n\t\t\t\t<section class=\"elementor-section elementor-top-section elementor-element elementor-element-697257c4 elementor-section-height-min-height elementor-section-items-stretch elementor-section-content-middle elementor-reverse-tablet elementor-section-stretched elementor-section-boxed elementor-section-height-default\" data-id=\"697257c4\" data-element_type=\"section\" data-e-type=\"section\" data-settings=\"{&quot;background_background&quot;:&quot;classic&quot;,&quot;stretch_section&quot;:&quot;section-stretched&quot;}\">\n\t\t\t\t\t\t<div class=\"elementor-container elementor-column-gap-default\">\n\t\t\t\t\t<div class=\"elementor-column elementor-col-50 elementor-top-column elementor-element elementor-element-18613df0\" data-id=\"18613df0\" data-element_type=\"column\" data-e-type=\"column\">\n\t\t\t<div class=\"elementor-widget-wrap elementor-element-populated\">\n\t\t\t\t\t\t<div class=\"elementor-element elementor-element-342a8eb7 animated-fast elementor-invisible elementor-widget elementor-widget-heading\" data-id=\"342a8eb7\" data-element_type=\"widget\" data-e-type=\"widget\" data-settings=\"{&quot;_animation&quot;:&quot;fadeInUp&quot;,&quot;_animation_delay&quot;:400}\" data-widget_type=\"heading.default\">\n\t\t\t\t<div class=\"elementor-widget-container\">\n\t\t\t\t\t<h2 class=\"elementor-heading-title elementor-size-default\">Na Avenida Bandeirantes<\/h2>\t\t\t\t<\/div>\n\t\t\t\t<\/div>\n\t\t\t\t<div class=\"elementor-element elementor-element-159fdb7f animated-fast elementor-invisible elementor-widget elementor-widget-text-editor\" data-id=\"159fdb7f\" data-element_type=\"widget\" data-e-type=\"widget\" data-settings=\"{&quot;_animation&quot;:&quot;fadeInUp&quot;}\" data-widget_type=\"text-editor.default\">\n\t\t\t\t<div class=\"elementor-widget-container\">\n\t\t\t\t\t\t\t\t\t<p>A Prefeitura de S\u00e3o Roque abriu as inscri\u00e7\u00f5es para comerciantes interessados em levar seus produtos para a edi\u00e7\u00e3o 2026 do Desfile de 7 de Setembro, que acontece na pr\u00f3xima segunda-feira, dia 7, na Avenida Bandeirantes.<\/p>\t\t\t\t\t\t\t\t<\/div>\n\t\t\t\t<\/div>\n\t\t\t\t<div class=\"elementor-element elementor-element-19525f07 elementor-widget elementor-widget-spacer\" data-id=\"19525f07\" data-element_type=\"widget\" data-e-type=\"widget\" data-widget_type=\"spacer.default\">\n\t\t\t\t<div class=\"elementor-widget-container\">\n\t\t\t\t\t\t\t<div class=\"elementor-spacer\">\n\t\t\t<div class=\"elementor-spacer-inner\"><\/div>\n\t\t<\/div>\n\t\t\t\t\t\t<\/div>\n\t\t\t\t<\/div>\n\t\t\t\t\t<\/div>\n\t\t<\/div>\n\t\t\t\t<div class=\"elementor-column elementor-col-50 elementor-top-column elementor-element elementor-element-800fe21 elementor-invisible\" data-id=\"800fe21\" data-element_type=\"column\" data-e-type=\"column\" data-settings=\"{&quot;background_background&quot;:&quot;classic&quot;,&quot;animation&quot;:&quot;zoomIn&quot;}\">\n\t\t\t<div class=\"elementor-widget-wrap elementor-element-populated\">\n\t\t\t\t\t\t<div class=\"elementor-element elementor-element-7d3a34b5 elementor-widget elementor-widget-image\" data-id=\"7d3a34b5\" data-element_type=\"widget\" data-e-type=\"widget\" data-widget_type=\"image.default\">\n\t\t\t\t<div class=\"elementor-widget-container\">\n\t\t\t\t\t\t\t\t\t\t\t\t\t\t\t<img fetchpriority=\"high\" decoding=\"async\" width=\"600\" height=\"314\" src=\"https:\/\/www.informasaoroque.com.br\/informasaoroque\/wp-content\/uploads\/2026\/09\/desfile-civico-7-de-setembro-2026-informasaoroque.jpeg\" class=\"attachment-large size-large wp-image-37798\" alt=\"\" srcset=\"https:\/\/www.informasaoroque.com.br\/informasaoroque\/wp-content\/uploads\/2026\/09\/desfile-civico-7-de-setembro-2026-informasaoroque.jpeg 600w, https:\/\/www.informasaoroque.com.br\/informasaoroque\/wp-content\/uploads\/2026\/09\/desfile-civico-7-de-setembro-2026-informasaoroque-300x157.jpeg 300w\" sizes=\"(max-width: 600px) 100vw, 600px\" \/>\t\t\t\t\t\t\t\t\t\t\t\t\t\t\t<\/div>\n\t\t\t\t<\/div>\n\t\t\t\t\t<\/div>\n\t\t<\/div>\n\t\t\t\t\t<\/div>\n\t\t<\/section>\n\t\t\t\t<section class=\"elementor-section elementor-top-section elementor-element elementor-element-6d6fa433 elementor-section-stretched elementor-section-boxed elementor-section-height-default elementor-section-height-default\" data-id=\"6d6fa433\" data-element_type=\"section\" data-e-type=\"section\" data-settings=\"{&quot;stretch_section&quot;:&quot;section-stretched&quot;,&quot;background_background&quot;:&quot;classic&quot;}\">\n\t\t\t\t\t\t<div class=\"elementor-container elementor-column-gap-default\">\n\t\t\t\t\t<div class=\"elementor-column elementor-col-100 elementor-top-column elementor-element elementor-element-2a71dd7\" data-id=\"2a71dd7\" data-element_type=\"column\" data-e-type=\"column\">\n\t\t\t<div class=\"elementor-widget-wrap elementor-element-populated\">\n\t\t\t\t\t\t<div class=\"elementor-element elementor-element-504e5a92 elementor-widget elementor-widget-text-editor\" data-id=\"504e5a92\" data-element_type=\"widget\" data-e-type=\"widget\" data-widget_type=\"text-editor.default\">\n\t\t\t\t<div class=\"elementor-widget-container\">\n\t\t\t\t\t\t\t\t\t<h5>O evento ser\u00e1 o maior desfile j\u00e1 realizado no munic\u00edpio e transformar\u00e1 a regi\u00e3o em um grande espa\u00e7o de conviv\u00eancia, entretenimento e celebra\u00e7\u00e3o da cidadania, reunindo moradores e visitantes.<\/h5>\t\t\t\t\t\t\t\t<\/div>\n\t\t\t\t<\/div>\n\t\t\t\t\t<\/div>\n\t\t<\/div>\n\t\t\t\t\t<\/div>\n\t\t<\/section>\n\t\t\t\t<section class=\"elementor-section elementor-top-section elementor-element elementor-element-467413f5 elementor-section-full_width elementor-section-stretched elementor-section-height-default elementor-section-height-default\" data-id=\"467413f5\" data-element_type=\"section\" data-e-type=\"section\" data-settings=\"{&quot;background_background&quot;:&quot;classic&quot;,&quot;shape_divider_top&quot;:&quot;waves&quot;,&quot;stretch_section&quot;:&quot;section-stretched&quot;}\">\n\t\t\t\t\t<div class=\"elementor-shape elementor-shape-top\" aria-hidden=\"true\" data-negative=\"false\">\n\t\t\t<svg xmlns=\"http:\/\/www.w3.org\/2000\/svg\" viewBox=\"0 0 1000 100\" preserveAspectRatio=\"none\">\n\t<path class=\"elementor-shape-fill\" d=\"M421.9,6.5c22.6-2.5,51.5,0.4,75.5,5.3c23.6,4.9,70.9,23.5,100.5,35.7c75.8,32.2,133.7,44.5,192.6,49.7\n\tc23.6,2.1,48.7,3.5,103.4-2.5c54.7-6,106.2-25.6,106.2-25.6V0H0v30.3c0,0,72,32.6,158.4,30.5c39.2-0.7,92.8-6.7,134-22.4\n\tc21.2-8.1,52.2-18.2,79.7-24.2C399.3,7.9,411.6,7.5,421.9,6.5z\"\/>\n<\/svg>\t\t<\/div>\n\t\t\t\t\t<div class=\"elementor-container elementor-column-gap-default\">\n\t\t\t\t\t<div class=\"elementor-column elementor-col-100 elementor-top-column elementor-element elementor-element-11cab09a\" data-id=\"11cab09a\" data-element_type=\"column\" data-e-type=\"column\">\n\t\t\t<div class=\"elementor-widget-wrap elementor-element-populated\">\n\t\t\t\t\t\t<div class=\"elementor-element elementor-element-178b9a52 animated-fast elementor-invisible elementor-widget elementor-widget-heading\" data-id=\"178b9a52\" data-element_type=\"widget\" data-e-type=\"widget\" data-settings=\"{&quot;_animation&quot;:&quot;fadeInUp&quot;}\" data-widget_type=\"heading.default\">\n\t\t\t\t<div class=\"elementor-widget-container\">\n\t\t\t\t\t<h2 class=\"elementor-heading-title elementor-size-default\">Os comerciantes interessados em participar devem realizar a inscri\u00e7\u00e3o at\u00e9 quarta-feira, dia 2 de setembro, por meio do Protocolo On-line da Prefeitura. No sistema, \u00e9 necess\u00e1rio acessar o assunto \u201cLicen\u00e7a Eventual\u201d e preencher as informa\u00e7\u00f5es solicitadas. Acesse o link abaixo:<\/h2>\t\t\t\t<\/div>\n\t\t\t\t<\/div>\n\t\t\t\t<div class=\"elementor-element elementor-element-aad7bf5 elementor-widget elementor-widget-spacer\" data-id=\"aad7bf5\" data-element_type=\"widget\" data-e-type=\"widget\" data-widget_type=\"spacer.default\">\n\t\t\t\t<div class=\"elementor-widget-container\">\n\t\t\t\t\t\t\t<div class=\"elementor-spacer\">\n\t\t\t<div class=\"elementor-spacer-inner\"><\/div>\n\t\t<\/div>\n\t\t\t\t\t\t<\/div>\n\t\t\t\t<\/div>\n\t\t\t\t<div class=\"elementor-element elementor-element-8d9d607 elementor-align-center elementor-widget elementor-widget-button\" data-id=\"8d9d607\" data-element_type=\"widget\" data-e-type=\"widget\" data-widget_type=\"button.default\">\n\t\t\t\t<div class=\"elementor-widget-container\">\n\t\t\t\t\t\t\t\t\t<div class=\"elementor-button-wrapper\">\n\t\t\t\t\t<a class=\"elementor-button elementor-button-link elementor-size-lg\" href=\"https:\/\/saoroque.1doc.com.br\/b.php?pg=wp\/wp&#038;itd=5\">\n\t\t\t\t\t\t<span class=\"elementor-button-content-wrapper\">\n\t\t\t\t\t\t\t\t\t<span class=\"elementor-button-text\">Protocolar Requerimento<\/span>\n\t\t\t\t\t<\/span>\n\t\t\t\t\t<\/a>\n\t\t\t\t<\/div>\n\t\t\t\t\t\t\t\t<\/div>\n\t\t\t\t<\/div>\n\t\t\t\t\t<\/div>\n\t\t<\/div>\n\t\t\t\t\t<\/div>\n\t\t<\/section>\n\t\t\t\t<section class=\"elementor-section elementor-top-section elementor-element elementor-element-1ff3d55b elementor-section-stretched elementor-section-boxed elementor-section-height-default elementor-section-height-default\" data-id=\"1ff3d55b\" data-element_type=\"section\" data-e-type=\"section\" data-settings=\"{&quot;background_background&quot;:&quot;classic&quot;,&quot;stretch_section&quot;:&quot;section-stretched&quot;}\">\n\t\t\t\t\t\t<div class=\"elementor-container elementor-column-gap-default\">\n\t\t\t\t\t<div class=\"elementor-column elementor-col-100 elementor-top-column elementor-element elementor-element-55c18dff\" data-id=\"55c18dff\" data-element_type=\"column\" data-e-type=\"column\">\n\t\t\t<div class=\"elementor-widget-wrap elementor-element-populated\">\n\t\t\t\t\t\t<div class=\"elementor-element elementor-element-73bf8c93 animated-fast elementor-invisible elementor-widget elementor-widget-heading\" data-id=\"73bf8c93\" data-element_type=\"widget\" data-e-type=\"widget\" data-settings=\"{&quot;_animation&quot;:&quot;fadeInUp&quot;}\" data-widget_type=\"heading.default\">\n\t\t\t\t<div class=\"elementor-widget-container\">\n\t\t\t\t\t<h2 class=\"elementor-heading-title elementor-size-default\">A iniciativa \u00e9 uma oportunidade para os comerciantes apresentarem seus produtos durante um dos maiores eventos do calend\u00e1rio de S\u00e3o Roque.<\/h2>\t\t\t\t<\/div>\n\t\t\t\t<\/div>\n\t\t\t\t\t<\/div>\n\t\t<\/div>\n\t\t\t\t\t<\/div>\n\t\t<\/section>\n\t\t\t\t<section class=\"elementor-section elementor-top-section elementor-element elementor-element-60c17a87 elementor-section-boxed elementor-section-height-default elementor-section-height-default\" data-id=\"60c17a87\" data-element_type=\"section\" data-e-type=\"section\" data-settings=\"{&quot;background_background&quot;:&quot;classic&quot;}\">\n\t\t\t\t\t\t<div class=\"elementor-container elementor-column-gap-default\">\n\t\t\t\t\t<div class=\"elementor-column elementor-col-100 elementor-top-column elementor-element elementor-element-7a38d4ad\" data-id=\"7a38d4ad\" data-element_type=\"column\" data-e-type=\"column\">\n\t\t\t<div class=\"elementor-widget-wrap elementor-element-populated\">\n\t\t\t\t\t\t<div class=\"elementor-element elementor-element-197c12b5 elementor-widget elementor-widget-heading\" data-id=\"197c12b5\" data-element_type=\"widget\" data-e-type=\"widget\" data-widget_type=\"heading.default\">\n\t\t\t\t<div class=\"elementor-widget-container\">\n\t\t\t\t\t<h2 class=\"elementor-heading-title elementor-size-default\">Compartilhe nas Redes Sociais<\/h2>\t\t\t\t<\/div>\n\t\t\t\t<\/div>\n\t\t\t\t<div class=\"elementor-element elementor-element-2384d61e elementor-share-buttons--align-right elementor-share-buttons-mobile--align-center uael-share-buttons--view-icon-text uael-stylex-inline elementor-grid-0 elementor-widget elementor-widget-uael-social-share\" data-id=\"2384d61e\" data-element_type=\"widget\" data-e-type=\"widget\" data-settings=\"{&quot;alignment&quot;:&quot;right&quot;,&quot;alignment_mobile&quot;:&quot;center&quot;,&quot;columns&quot;:&quot;0&quot;,&quot;column_gap&quot;:{&quot;unit&quot;:&quot;px&quot;,&quot;size&quot;:10,&quot;sizes&quot;:[]},&quot;column_gap_tablet&quot;:{&quot;unit&quot;:&quot;px&quot;,&quot;size&quot;:10,&quot;sizes&quot;:[]},&quot;column_gap_mobile&quot;:{&quot;unit&quot;:&quot;px&quot;,&quot;size&quot;:10,&quot;sizes&quot;:[]},&quot;row_gap&quot;:{&quot;unit&quot;:&quot;px&quot;,&quot;size&quot;:0,&quot;sizes&quot;:[]},&quot;row_gap_tablet&quot;:{&quot;unit&quot;:&quot;px&quot;,&quot;size&quot;:0,&quot;sizes&quot;:[]},&quot;row_gap_mobile&quot;:{&quot;unit&quot;:&quot;px&quot;,&quot;size&quot;:10,&quot;sizes&quot;:[]},&quot;button_size&quot;:{&quot;unit&quot;:&quot;px&quot;,&quot;size&quot;:&quot;&quot;,&quot;sizes&quot;:[]},&quot;button_size_tablet&quot;:{&quot;unit&quot;:&quot;px&quot;,&quot;size&quot;:&quot;&quot;,&quot;sizes&quot;:[]},&quot;button_size_mobile&quot;:{&quot;unit&quot;:&quot;px&quot;,&quot;size&quot;:&quot;&quot;,&quot;sizes&quot;:[]},&quot;button_height&quot;:{&quot;unit&quot;:&quot;em&quot;,&quot;size&quot;:&quot;&quot;,&quot;sizes&quot;:[]},&quot;button_height_tablet&quot;:{&quot;unit&quot;:&quot;em&quot;,&quot;size&quot;:&quot;&quot;,&quot;sizes&quot;:[]},&quot;button_height_mobile&quot;:{&quot;unit&quot;:&quot;em&quot;,&quot;size&quot;:&quot;&quot;,&quot;sizes&quot;:[]},&quot;icon_size&quot;:{&quot;unit&quot;:&quot;em&quot;,&quot;size&quot;:&quot;&quot;,&quot;sizes&quot;:[]},&quot;icon_size_tablet&quot;:{&quot;unit&quot;:&quot;em&quot;,&quot;size&quot;:&quot;&quot;,&quot;sizes&quot;:[]},&quot;icon_size_mobile&quot;:{&quot;unit&quot;:&quot;em&quot;,&quot;size&quot;:&quot;&quot;,&quot;sizes&quot;:[]}}\" data-widget_type=\"uael-social-share.default\">\n\t\t\t\t<div class=\"elementor-widget-container\">\n\t\t\t\t\t\n\t\t<div class=\"uael-style-inline uael-container uael-floating-align-\" data-pin_data_url=\"\" data-share_url_type=\"current_page\" data-share_url=\"\">\n\t\t\t<div class=\"elementor-grid uael-floating-align-\">\n\t\t\t\t\t\t\t\t\t<div class=\"elementor-grid-item\">\n\t\t\t\t\t\t\t\t\t\t\t\t<a  class=\"uael-share-btn-facebook\">\n\t\t\t\t\t\t\t<div class=\"uael-share-btn elementor-animation- uaelbtn-shape-circle uaelbtn--skin-gradient\">\n\n\t\t\t\t\t\t\t\t\t\t\t\t\t\t\t\t\t\t\t<span class=\"uael-share-btn__icon\" aria-label=\"Compartilhar em facebook\">\n\t\t\t\t\t\t\t\t\t\t\t\t\t\t\t\t\t\t\t\t\t\t\t\t\t\t<i class=\"fab fa-facebook\" aria-hidden=\"true\"><\/i>\n\t\t\t\t\t\t\t\t\t\t\t\t\t\t\t\t\t\t\t\t\t\t\t\t<\/span>\n\t\t\t\t\t\t\t\t\t\t\t\t\t\t\t\t\t\t\t\t<div class=\"uael-share-btn__text\">\n\t\t\t\t\t\t\t\t\t\t\t\t<span class=\"uael-share-btn__title\">Facebook<\/span>\n\t\t\t\t\t\t\t\t\t\t<\/div>\n\t\t\t\t\t\t\t\t\t\t\t\t\t\t\t\t\t\t\t\t\t\t\t\t\t\t\t<\/div>\n\t\t\t\t\t\t<\/a>\n\t\t\t\t\t<\/div>\n\t\t\t\t\t\t\t\t\t\t<div class=\"elementor-grid-item\">\n\t\t\t\t\t\t\t\t\t\t\t\t<a  class=\"uael-share-btn-twitter\">\n\t\t\t\t\t\t\t<div class=\"uael-share-btn elementor-animation- uaelbtn-shape-circle uaelbtn--skin-gradient\">\n\n\t\t\t\t\t\t\t\t\t\t\t\t\t\t\t\t\t\t\t<span class=\"uael-share-btn__icon\" aria-label=\"Compartilhar em twitter\">\n\t\t\t\t\t\t\t\t\t\t\t\t\t\t\t\t\t\t\t\t\t\t\t\t\t\t<i class=\"fab fa-x-twitter\" aria-hidden=\"true\"><\/i>\n\t\t\t\t\t\t\t\t\t\t\t\t\t\t\t\t\t\t\t\t\t\t\t\t<\/span>\n\t\t\t\t\t\t\t\t\t\t\t\t\t\t\t\t\t\t\t\t<div class=\"uael-share-btn__text\">\n\t\t\t\t\t\t\t\t\t\t\t\t<span class=\"uael-share-btn__title\">Twitter<\/span>\n\t\t\t\t\t\t\t\t\t\t<\/div>\n\t\t\t\t\t\t\t\t\t\t\t\t\t\t\t\t\t\t\t\t\t\t\t\t\t\t\t<\/div>\n\t\t\t\t\t\t<\/a>\n\t\t\t\t\t<\/div>\n\t\t\t\t\t\t\t\t\t\t<div class=\"elementor-grid-item\">\n\t\t\t\t\t\t\t\t\t\t\t\t<a  class=\"uael-share-btn-linkedin\">\n\t\t\t\t\t\t\t<div class=\"uael-share-btn elementor-animation- uaelbtn-shape-circle uaelbtn--skin-gradient\">\n\n\t\t\t\t\t\t\t\t\t\t\t\t\t\t\t\t\t\t\t<span class=\"uael-share-btn__icon\" aria-label=\"Compartilhar em linkedin\">\n\t\t\t\t\t\t\t\t\t\t\t\t\t\t\t\t\t\t\t\t\t\t\t\t\t\t<i class=\"fab fa-linkedin\" aria-hidden=\"true\"><\/i>\n\t\t\t\t\t\t\t\t\t\t\t\t\t\t\t\t\t\t\t\t\t\t\t\t<\/span>\n\t\t\t\t\t\t\t\t\t\t\t\t\t\t\t\t\t\t\t\t<div class=\"uael-share-btn__text\">\n\t\t\t\t\t\t\t\t\t\t\t\t<span class=\"uael-share-btn__title\">Linkedin<\/span>\n\t\t\t\t\t\t\t\t\t\t<\/div>\n\t\t\t\t\t\t\t\t\t\t\t\t\t\t\t\t\t\t\t\t\t\t\t\t\t\t\t<\/div>\n\t\t\t\t\t\t<\/a>\n\t\t\t\t\t<\/div>\n\t\t\t\t\t\t\t\t\t\t<div class=\"elementor-grid-item\">\n\t\t\t\t\t\t\t\t\t\t\t\t<a  class=\"uael-share-btn-whatsapp\">\n\t\t\t\t\t\t\t<div class=\"uael-share-btn elementor-animation- uaelbtn-shape-circle uaelbtn--skin-gradient\">\n\n\t\t\t\t\t\t\t\t\t\t\t\t\t\t\t\t\t\t\t<span class=\"uael-share-btn__icon\" aria-label=\"Compartilhar em whatsapp\">\n\t\t\t\t\t\t\t\t\t\t\t\t\t\t\t\t\t\t\t\t\t\t\t\t\t\t<i class=\"fab fa-whatsapp\" aria-hidden=\"true\"><\/i>\n\t\t\t\t\t\t\t\t\t\t\t\t\t\t\t\t\t\t\t\t\t\t\t\t<\/span>\n\t\t\t\t\t\t\t\t\t\t\t\t\t\t\t\t\t\t\t\t<div class=\"uael-share-btn__text\">\n\t\t\t\t\t\t\t\t\t\t\t\t<span class=\"uael-share-btn__title\">Whatsapp<\/span>\n\t\t\t\t\t\t\t\t\t\t<\/div>\n\t\t\t\t\t\t\t\t\t\t\t\t\t\t\t\t\t\t\t\t\t\t\t\t\t\t\t<\/div>\n\t\t\t\t\t\t<\/a>\n\t\t\t\t\t<\/div>\n\t\t\t\t\t\t\t\t\t\t<div class=\"elementor-grid-item\">\n\t\t\t\t\t\t\t\t\t\t\t\t<a  class=\"uael-share-btn-email\">\n\t\t\t\t\t\t\t<div class=\"uael-share-btn elementor-animation- uaelbtn-shape-circle uaelbtn--skin-gradient\">\n\n\t\t\t\t\t\t\t\t\t\t\t\t\t\t\t\t\t\t\t<span class=\"uael-share-btn__icon\" aria-label=\"Compartilhar em email\">\n\t\t\t\t\t\t\t\t\t\t\t\t\t\t\t\t\t\t\t\t\t\t\t\t\t\t<i class=\"fas fa-envelope\" aria-hidden=\"true\"><\/i>\n\t\t\t\t\t\t\t\t\t\t\t\t\t\t\t\t\t\t\t\t\t\t\t\t<\/span>\n\t\t\t\t\t\t\t\t\t\t\t\t\t\t\t\t\t\t\t\t<div class=\"uael-share-btn__text\">\n\t\t\t\t\t\t\t\t\t\t\t\t<span class=\"uael-share-btn__title\">Email<\/span>\n\t\t\t\t\t\t\t\t\t\t<\/div>\n\t\t\t\t\t\t\t\t\t\t\t\t\t\t\t\t\t\t\t\t\t\t\t\t\t\t\t<\/div>\n\t\t\t\t\t\t<\/a>\n\t\t\t\t\t<\/div>\n\t\t\t\t\t\t\t\t<\/div>\n\t\t<\/div>\n\t\t\t\t\t\t<\/div>\n\t\t\t\t<\/div>\n\t\t\t\t<div class=\"elementor-element elementor-element-656a1671 elementor-widget elementor-widget-spacer\" data-id=\"656a1671\" data-element_type=\"widget\" data-e-type=\"widget\" data-widget_type=\"spacer.default\">\n\t\t\t\t<div class=\"elementor-widget-container\">\n\t\t\t\t\t\t\t<div class=\"elementor-spacer\">\n\t\t\t<div class=\"elementor-spacer-inner\"><\/div>\n\t\t<\/div>\n\t\t\t\t\t\t<\/div>\n\t\t\t\t<\/div>\n\t\t\t\t\t<\/div>\n\t\t<\/div>\n\t\t\t\t\t<\/div>\n\t\t<\/section>\n\t\t\t\t<section class=\"elementor-section elementor-top-section elementor-element elementor-element-7b29f8e7 elementor-section-stretched elementor-section-content-middle elementor-section-boxed elementor-section-height-default elementor-section-height-default\" data-id=\"7b29f8e7\" data-element_type=\"section\" data-e-type=\"section\" data-settings=\"{&quot;stretch_section&quot;:&quot;section-stretched&quot;,&quot;background_background&quot;:&quot;classic&quot;}\">\n\t\t\t\t\t\t\t<div class=\"elementor-background-overlay\"><\/div>\n\t\t\t\t\t\t\t<div class=\"elementor-container elementor-column-gap-default\">\n\t\t\t\t\t<div class=\"elementor-column elementor-col-50 elementor-top-column elementor-element elementor-element-2e1d9f5e elementor-invisible\" data-id=\"2e1d9f5e\" data-element_type=\"column\" data-e-type=\"column\" data-settings=\"{&quot;background_background&quot;:&quot;classic&quot;,&quot;animation&quot;:&quot;fadeIn&quot;}\">\n\t\t\t<div class=\"elementor-widget-wrap elementor-element-populated\">\n\t\t\t\t\t<div class=\"elementor-background-overlay\"><\/div>\n\t\t\t\t\t\t<div class=\"elementor-element elementor-element-4bbc8a61 elementor-widget elementor-widget-image\" data-id=\"4bbc8a61\" data-element_type=\"widget\" data-e-type=\"widget\" data-widget_type=\"image.default\">\n\t\t\t\t<div class=\"elementor-widget-container\">\n\t\t\t\t\t\t\t\t\t\t\t\t\t\t\t\t<a href=\"https:\/\/www.tudoinsaoroque.com.br\/venha-para-o-tudo-in-sao-roque-e-venda-online-sem-complicacoes-com-anuncios-a-custo-zero\/\">\n\t\t\t\t\t\t\t<img decoding=\"async\" width=\"640\" height=\"334\" src=\"https:\/\/www.informasaoroque.com.br\/informasaoroque\/wp-content\/uploads\/2024\/04\/fique-por-dentro-do-tudoinsaoroque-visite_nossa_loja.jpeg\" class=\"elementor-animation-pulse-grow attachment-large size-large wp-image-21124\" alt=\"\" srcset=\"https:\/\/www.informasaoroque.com.br\/informasaoroque\/wp-content\/uploads\/2024\/04\/fique-por-dentro-do-tudoinsaoroque-visite_nossa_loja.jpeg 900w, https:\/\/www.informasaoroque.com.br\/informasaoroque\/wp-content\/uploads\/2024\/04\/fique-por-dentro-do-tudoinsaoroque-visite_nossa_loja-300x157.jpeg 300w, https:\/\/www.informasaoroque.com.br\/informasaoroque\/wp-content\/uploads\/2024\/04\/fique-por-dentro-do-tudoinsaoroque-visite_nossa_loja-768x401.jpeg 768w\" sizes=\"(max-width: 640px) 100vw, 640px\" \/>\t\t\t\t\t\t\t\t<\/a>\n\t\t\t\t\t\t\t\t\t\t\t\t\t\t\t<\/div>\n\t\t\t\t<\/div>\n\t\t\t\t<div class=\"elementor-element elementor-element-1ec8cd11 elementor-widget elementor-widget-heading\" data-id=\"1ec8cd11\" data-element_type=\"widget\" data-e-type=\"widget\" data-widget_type=\"heading.default\">\n\t\t\t\t<div class=\"elementor-widget-container\">\n\t\t\t\t\t<h2 class=\"elementor-heading-title elementor-size-default\"><a href=\"https:\/\/www.tudoinsaoroque.com.br\/venha-para-o-tudo-in-sao-roque-e-venda-online-sem-complicacoes-com-anuncios-a-custo-zero\/\">Quer vender na internet mas acha tudo muito complicado? \ud83e\udd14\ud83d\udcbb<\/a><\/h2>\t\t\t\t<\/div>\n\t\t\t\t<\/div>\n\t\t\t\t<div class=\"elementor-element elementor-element-14af53dc elementor-widget elementor-widget-text-editor\" data-id=\"14af53dc\" data-element_type=\"widget\" data-e-type=\"widget\" data-widget_type=\"text-editor.default\">\n\t\t\t\t<div class=\"elementor-widget-container\">\n\t\t\t\t\t\t\t\t\t<p data-path-to-node=\"10\">N\u00f3s simplificamos tudo para voc\u00ea! O <b data-path-to-node=\"10\" data-index-in-node=\"36\">Tudo In S\u00e3o Roque<\/b> oferece uma plataforma intuitiva onde voc\u00ea coloca seus produtos online rapidamente, sem precisar entender de tecnologia. An\u00fancios a custo zero para o pequeno com\u00e9rcio da nossa cidade! \ud83c\udfd8\ufe0f\ud83c\udf1f<\/p><p data-path-to-node=\"11\">\u00a0<\/p>\t\t\t\t\t\t\t\t<\/div>\n\t\t\t\t<\/div>\n\t\t\t\t<div class=\"elementor-element elementor-element-353eb08c elementor-tablet-align-center elementor-align-justify elementor-widget elementor-widget-button\" data-id=\"353eb08c\" data-element_type=\"widget\" data-e-type=\"widget\" data-widget_type=\"button.default\">\n\t\t\t\t<div class=\"elementor-widget-container\">\n\t\t\t\t\t\t\t\t\t<div class=\"elementor-button-wrapper\">\n\t\t\t\t\t<a class=\"elementor-button elementor-button-link elementor-size-sm elementor-animation-shrink\" href=\"https:\/\/www.tudoinsaoroque.com.br\/venha-para-o-tudo-in-sao-roque-e-venda-online-sem-complicacoes-com-anuncios-a-custo-zero\/\">\n\t\t\t\t\t\t<span class=\"elementor-button-content-wrapper\">\n\t\t\t\t\t\t<span class=\"elementor-button-icon\">\n\t\t\t\t<i aria-hidden=\"true\" class=\"far fa-arrow-alt-circle-up\"><\/i>\t\t\t<\/span>\n\t\t\t\t\t\t\t\t\t<span class=\"elementor-button-text\"> ver detalhes<\/span>\n\t\t\t\t\t<\/span>\n\t\t\t\t\t<\/a>\n\t\t\t\t<\/div>\n\t\t\t\t\t\t\t\t<\/div>\n\t\t\t\t<\/div>\n\t\t\t\t\t<\/div>\n\t\t<\/div>\n\t\t\t\t<div class=\"elementor-column elementor-col-50 elementor-top-column elementor-element elementor-element-3be2a10f elementor-invisible\" data-id=\"3be2a10f\" data-element_type=\"column\" data-e-type=\"column\" data-settings=\"{&quot;background_background&quot;:&quot;classic&quot;,&quot;animation&quot;:&quot;fadeIn&quot;}\">\n\t\t\t<div class=\"elementor-widget-wrap elementor-element-populated\">\n\t\t\t\t\t<div class=\"elementor-background-overlay\"><\/div>\n\t\t\t\t\t\t<div class=\"elementor-element elementor-element-5e79e8af elementor-widget elementor-widget-image\" data-id=\"5e79e8af\" data-element_type=\"widget\" data-e-type=\"widget\" data-widget_type=\"image.default\">\n\t\t\t\t<div class=\"elementor-widget-container\">\n\t\t\t\t\t\t\t\t\t\t\t\t\t\t\t\t<a href=\"https:\/\/www.tudoinsaoroque.com.br\/tudo-in-sao-roque-shop-commerce\/\">\n\t\t\t\t\t\t\t<img loading=\"lazy\" decoding=\"async\" width=\"640\" height=\"334\" src=\"https:\/\/www.informasaoroque.com.br\/informasaoroque\/wp-content\/uploads\/2023\/09\/vem-pra-ca-tudoinsaoroque-informa.jpeg\" class=\"elementor-animation-pulse-grow attachment-large size-large wp-image-14367\" alt=\"\" srcset=\"https:\/\/www.informasaoroque.com.br\/informasaoroque\/wp-content\/uploads\/2023\/09\/vem-pra-ca-tudoinsaoroque-informa.jpeg 900w, https:\/\/www.informasaoroque.com.br\/informasaoroque\/wp-content\/uploads\/2023\/09\/vem-pra-ca-tudoinsaoroque-informa-300x157.jpeg 300w, https:\/\/www.informasaoroque.com.br\/informasaoroque\/wp-content\/uploads\/2023\/09\/vem-pra-ca-tudoinsaoroque-informa-768x401.jpeg 768w\" sizes=\"(max-width: 640px) 100vw, 640px\" \/>\t\t\t\t\t\t\t\t<\/a>\n\t\t\t\t\t\t\t\t\t\t\t\t\t\t\t<\/div>\n\t\t\t\t<\/div>\n\t\t\t\t<div class=\"elementor-element elementor-element-6cd67f3 elementor-widget elementor-widget-heading\" data-id=\"6cd67f3\" data-element_type=\"widget\" data-e-type=\"widget\" data-widget_type=\"heading.default\">\n\t\t\t\t<div class=\"elementor-widget-container\">\n\t\t\t\t\t<h2 class=\"elementor-heading-title elementor-size-default\"><a href=\"https:\/\/www.tudoinsaoroque.com.br\/tudo-in-sao-roque-shop-commerce\/\">Venda online em S\u00e3o Roque sem precisar entender de tecnologia! \ud83d\udcbb\u274c<\/a><\/h2>\t\t\t\t<\/div>\n\t\t\t\t<\/div>\n\t\t\t\t<div class=\"elementor-element elementor-element-7c2bc4b elementor-widget elementor-widget-text-editor\" data-id=\"7c2bc4b\" data-element_type=\"widget\" data-e-type=\"widget\" data-widget_type=\"text-editor.default\">\n\t\t\t\t<div class=\"elementor-widget-container\">\n\t\t\t\t\t\t\t\t\t<p data-path-to-node=\"10\">Esque\u00e7a os custos altos com desenvolvedores e manuten\u00e7\u00e3o de sites. N\u00f3s oferecemos a plataforma pronta para voc\u00ea ofertar seus produtos online hoje mesmo. \u00c9 a praticidade que o seu com\u00e9rcio precisa para faturar mais! \ud83d\udcb0\ud83d\udecd\ufe0f<\/p><p data-path-to-node=\"11\">\u00a0<\/p>\t\t\t\t\t\t\t\t<\/div>\n\t\t\t\t<\/div>\n\t\t\t\t<div class=\"elementor-element elementor-element-7c4c177c elementor-tablet-align-center elementor-align-justify elementor-widget elementor-widget-button\" data-id=\"7c4c177c\" data-element_type=\"widget\" data-e-type=\"widget\" data-widget_type=\"button.default\">\n\t\t\t\t<div class=\"elementor-widget-container\">\n\t\t\t\t\t\t\t\t\t<div class=\"elementor-button-wrapper\">\n\t\t\t\t\t<a class=\"elementor-button elementor-button-link elementor-size-sm elementor-animation-shrink\" href=\"https:\/\/www.tudoinsaoroque.com.br\/tudo-in-sao-roque-shop-commerce\/\">\n\t\t\t\t\t\t<span class=\"elementor-button-content-wrapper\">\n\t\t\t\t\t\t<span class=\"elementor-button-icon\">\n\t\t\t\t<i aria-hidden=\"true\" class=\"far fa-arrow-alt-circle-up\"><\/i>\t\t\t<\/span>\n\t\t\t\t\t\t\t\t\t<span class=\"elementor-button-text\"> ver detalhes<\/span>\n\t\t\t\t\t<\/span>\n\t\t\t\t\t<\/a>\n\t\t\t\t<\/div>\n\t\t\t\t\t\t\t\t<\/div>\n\t\t\t\t<\/div>\n\t\t\t\t\t<\/div>\n\t\t<\/div>\n\t\t\t\t\t<\/div>\n\t\t<\/section>\n\t\t\t\t<section class=\"elementor-section elementor-top-section elementor-element elementor-element-49a5bab5 elementor-section-content-middle elementor-section-stretched elementor-section-boxed elementor-section-height-default elementor-section-height-default\" data-id=\"49a5bab5\" data-element_type=\"section\" data-e-type=\"section\" data-settings=\"{&quot;background_background&quot;:&quot;classic&quot;,&quot;stretch_section&quot;:&quot;section-stretched&quot;}\">\n\t\t\t\t\t\t\t<div class=\"elementor-background-overlay\"><\/div>\n\t\t\t\t\t\t\t<div class=\"elementor-container elementor-column-gap-default\">\n\t\t\t\t\t<div class=\"elementor-column elementor-col-100 elementor-top-column elementor-element elementor-element-30ca71b8\" data-id=\"30ca71b8\" data-element_type=\"column\" data-e-type=\"column\">\n\t\t\t<div class=\"elementor-widget-wrap elementor-element-populated\">\n\t\t\t\t\t\t<div class=\"elementor-element elementor-element-28c48494 elementor-grid-3 elementor-grid-tablet-2 elementor-grid-mobile-1 elementor-posts--thumbnail-top elementor-widget elementor-widget-posts\" data-id=\"28c48494\" data-element_type=\"widget\" data-e-type=\"widget\" data-settings=\"{&quot;classic_masonry&quot;:&quot;yes&quot;,&quot;classic_columns&quot;:&quot;3&quot;,&quot;classic_columns_tablet&quot;:&quot;2&quot;,&quot;classic_columns_mobile&quot;:&quot;1&quot;,&quot;classic_row_gap&quot;:{&quot;unit&quot;:&quot;px&quot;,&quot;size&quot;:35,&quot;sizes&quot;:[]},&quot;classic_row_gap_tablet&quot;:{&quot;unit&quot;:&quot;px&quot;,&quot;size&quot;:&quot;&quot;,&quot;sizes&quot;:[]},&quot;classic_row_gap_mobile&quot;:{&quot;unit&quot;:&quot;px&quot;,&quot;size&quot;:&quot;&quot;,&quot;sizes&quot;:[]}}\" data-widget_type=\"posts.classic\">\n\t\t\t\t<div class=\"elementor-widget-container\">\n\t\t\t\t\t\t\t<div class=\"elementor-posts-container elementor-posts elementor-posts--skin-classic elementor-grid\" role=\"list\">\n\t\t\t\t<article class=\"elementor-post elementor-grid-item post-37863 post type-post status-publish format-standard has-post-thumbnail hentry category-noticias category-saude category-servicos\" role=\"listitem\">\n\t\t\t\t<a class=\"elementor-post__thumbnail__link\" href=\"https:\/\/www.informasaoroque.com.br\/informasaoroque\/2026\/09\/05\/ubs-de-sao-joao-novo-inicia-grupo-de-combate-a-insonia\/\" tabindex=\"-1\" >\n\t\t\t<div class=\"elementor-post__thumbnail\"><img loading=\"lazy\" decoding=\"async\" width=\"300\" height=\"157\" src=\"https:\/\/www.informasaoroque.com.br\/informasaoroque\/wp-content\/uploads\/2026\/09\/grupo-de-combate-a-insonia-em-sao-roque-informasaoroque-300x157.jpeg\" class=\"attachment-medium size-medium wp-image-37886\" alt=\"\" srcset=\"https:\/\/www.informasaoroque.com.br\/informasaoroque\/wp-content\/uploads\/2026\/09\/grupo-de-combate-a-insonia-em-sao-roque-informasaoroque-300x157.jpeg 300w, https:\/\/www.informasaoroque.com.br\/informasaoroque\/wp-content\/uploads\/2026\/09\/grupo-de-combate-a-insonia-em-sao-roque-informasaoroque.jpeg 600w\" sizes=\"(max-width: 300px) 100vw, 300px\" \/><\/div>\n\t\t<\/a>\n\t\t\t\t<div class=\"elementor-post__text\">\n\t\t\t\t<h3 class=\"elementor-post__title\">\n\t\t\t<a href=\"https:\/\/www.informasaoroque.com.br\/informasaoroque\/2026\/09\/05\/ubs-de-sao-joao-novo-inicia-grupo-de-combate-a-insonia\/\" >\n\t\t\t\tUBS de Sao Jo\u00e3o Novo inicia grupo de combate \u00e0 ins\u00f4nia\t\t\t<\/a>\n\t\t<\/h3>\n\t\t\t\t<div class=\"elementor-post__meta-data\">\n\t\t\t\t\t<span class=\"elementor-post-author\">\n\t\t\tInforma S\u00e3o Roque\t\t<\/span>\n\t\t\t\t<span class=\"elementor-post-date\">\n\t\t\t5 de setembro de 2026\t\t<\/span>\n\t\t\t\t<\/div>\n\t\t\t\t<div class=\"elementor-post__excerpt\">\n\t\t\t<p>S\u00e3o Roque agora conta com um grupo de combate \u00e0 ins\u00f4nia. A a\u00e7\u00e3o, realizada pelo Departamento de Sa\u00fade, acontece na UBS de S\u00e3o Jo\u00e3o Novo e busca ajudar pessoas que\t\t<\/div>\n\t\t\n\t\t<a class=\"elementor-post__read-more\" href=\"https:\/\/www.informasaoroque.com.br\/informasaoroque\/2026\/09\/05\/ubs-de-sao-joao-novo-inicia-grupo-de-combate-a-insonia\/\" aria-label=\"Leia mais sobre UBS de Sao Jo\u00e3o Novo inicia grupo de combate \u00e0 ins\u00f4nia\" tabindex=\"-1\" >\n\t\t\tLeia mais \u00bb\t\t<\/a>\n\n\t\t\t\t<\/div>\n\t\t\t\t<\/article>\n\t\t\t\t<article class=\"elementor-post elementor-grid-item post-37868 post type-post status-publish format-standard has-post-thumbnail hentry category-cultura category-educacao category-noticias\" role=\"listitem\">\n\t\t\t\t<a class=\"elementor-post__thumbnail__link\" href=\"https:\/\/www.informasaoroque.com.br\/informasaoroque\/2026\/09\/05\/escola-do-futuro-e-instituto-alfa-e-beto-trazem-jogos-de-alfabetizacao-e-matematica-para-telas-interativas\/\" tabindex=\"-1\" >\n\t\t\t<div class=\"elementor-post__thumbnail\"><img loading=\"lazy\" decoding=\"async\" width=\"300\" height=\"157\" src=\"https:\/\/www.informasaoroque.com.br\/informasaoroque\/wp-content\/uploads\/2026\/09\/escola-do-futuro-em-parceria-com-instituto-alfa-e-beto-informasaoroque-300x157.jpeg\" class=\"attachment-medium size-medium wp-image-37879\" alt=\"\" srcset=\"https:\/\/www.informasaoroque.com.br\/informasaoroque\/wp-content\/uploads\/2026\/09\/escola-do-futuro-em-parceria-com-instituto-alfa-e-beto-informasaoroque-300x157.jpeg 300w, https:\/\/www.informasaoroque.com.br\/informasaoroque\/wp-content\/uploads\/2026\/09\/escola-do-futuro-em-parceria-com-instituto-alfa-e-beto-informasaoroque.jpeg 600w\" sizes=\"(max-width: 300px) 100vw, 300px\" \/><\/div>\n\t\t<\/a>\n\t\t\t\t<div class=\"elementor-post__text\">\n\t\t\t\t<h3 class=\"elementor-post__title\">\n\t\t\t<a href=\"https:\/\/www.informasaoroque.com.br\/informasaoroque\/2026\/09\/05\/escola-do-futuro-e-instituto-alfa-e-beto-trazem-jogos-de-alfabetizacao-e-matematica-para-telas-interativas\/\" >\n\t\t\t\tEscola do Futuro e Instituto Alfa e Beto trazem jogos de alfabetiza\u00e7\u00e3o e matem\u00e1tica para telas interativas\t\t\t<\/a>\n\t\t<\/h3>\n\t\t\t\t<div class=\"elementor-post__meta-data\">\n\t\t\t\t\t<span class=\"elementor-post-author\">\n\t\t\tInforma S\u00e3o Roque\t\t<\/span>\n\t\t\t\t<span class=\"elementor-post-date\">\n\t\t\t5 de setembro de 2026\t\t<\/span>\n\t\t\t\t<\/div>\n\t\t\t\t<div class=\"elementor-post__excerpt\">\n\t\t\t<p>Primeira unidade do munic\u00edpio amplia estrutura tecnol\u00f3gica com material pedag\u00f3gico em equipamentos e recebe segunda capacita\u00e7\u00e3o do Instituto Alfa e Beto<\/p>\t\t<\/div>\n\t\t\n\t\t<a class=\"elementor-post__read-more\" href=\"https:\/\/www.informasaoroque.com.br\/informasaoroque\/2026\/09\/05\/escola-do-futuro-e-instituto-alfa-e-beto-trazem-jogos-de-alfabetizacao-e-matematica-para-telas-interativas\/\" aria-label=\"Leia mais sobre Escola do Futuro e Instituto Alfa e Beto trazem jogos de alfabetiza\u00e7\u00e3o e matem\u00e1tica para telas interativas\" tabindex=\"-1\" >\n\t\t\tLeia mais \u00bb\t\t<\/a>\n\n\t\t\t\t<\/div>\n\t\t\t\t<\/article>\n\t\t\t\t<article class=\"elementor-post elementor-grid-item post-37849 post type-post status-publish format-standard has-post-thumbnail hentry category-cultura category-eventos category-lazer category-noticias\" role=\"listitem\">\n\t\t\t\t<a class=\"elementor-post__thumbnail__link\" href=\"https:\/\/www.informasaoroque.com.br\/informasaoroque\/2026\/09\/04\/desfile-de-7-de-setembro-2026\/\" tabindex=\"-1\" >\n\t\t\t<div class=\"elementor-post__thumbnail\"><img loading=\"lazy\" decoding=\"async\" width=\"300\" height=\"157\" src=\"https:\/\/www.informasaoroque.com.br\/informasaoroque\/wp-content\/uploads\/2025\/09\/desfile-7-de-setembro-em-sao-roque-informasaoroque-300x157.jpeg\" class=\"attachment-medium size-medium wp-image-32924\" alt=\"\" srcset=\"https:\/\/www.informasaoroque.com.br\/informasaoroque\/wp-content\/uploads\/2025\/09\/desfile-7-de-setembro-em-sao-roque-informasaoroque-300x157.jpeg 300w, https:\/\/www.informasaoroque.com.br\/informasaoroque\/wp-content\/uploads\/2025\/09\/desfile-7-de-setembro-em-sao-roque-informasaoroque-768x401.jpeg 768w, https:\/\/www.informasaoroque.com.br\/informasaoroque\/wp-content\/uploads\/2025\/09\/desfile-7-de-setembro-em-sao-roque-informasaoroque.jpeg 900w\" sizes=\"(max-width: 300px) 100vw, 300px\" \/><\/div>\n\t\t<\/a>\n\t\t\t\t<div class=\"elementor-post__text\">\n\t\t\t\t<h3 class=\"elementor-post__title\">\n\t\t\t<a href=\"https:\/\/www.informasaoroque.com.br\/informasaoroque\/2026\/09\/04\/desfile-de-7-de-setembro-2026\/\" >\n\t\t\t\tDesfile de 7 de Setembro em S\u00e3o Roque ter\u00e1 programa\u00e7\u00e3o hist\u00f3rica nesta segunda-feira\t\t\t<\/a>\n\t\t<\/h3>\n\t\t\t\t<div class=\"elementor-post__meta-data\">\n\t\t\t\t\t<span class=\"elementor-post-author\">\n\t\t\tInforma S\u00e3o Roque\t\t<\/span>\n\t\t\t\t<span class=\"elementor-post-date\">\n\t\t\t4 de setembro de 2026\t\t<\/span>\n\t\t\t\t<\/div>\n\t\t\t\t<div class=\"elementor-post__excerpt\">\n\t\t\t<p>Desfile de 7 de Setembro em S\u00e3o Roque ter\u00e1 programa\u00e7\u00e3o hist\u00f3rica nesta segunda-feira<\/p>\t\t<\/div>\n\t\t\n\t\t<a class=\"elementor-post__read-more\" href=\"https:\/\/www.informasaoroque.com.br\/informasaoroque\/2026\/09\/04\/desfile-de-7-de-setembro-2026\/\" aria-label=\"Leia mais sobre Desfile de 7 de Setembro em S\u00e3o Roque ter\u00e1 programa\u00e7\u00e3o hist\u00f3rica nesta segunda-feira\" tabindex=\"-1\" >\n\t\t\tLeia mais \u00bb\t\t<\/a>\n\n\t\t\t\t<\/div>\n\t\t\t\t<\/article>\n\t\t\t\t<article class=\"elementor-post elementor-grid-item post-37837 post type-post status-publish format-standard has-post-thumbnail hentry category-cultura category-educacao category-noticias\" role=\"listitem\">\n\t\t\t\t<a class=\"elementor-post__thumbnail__link\" href=\"https:\/\/www.informasaoroque.com.br\/informasaoroque\/2026\/09\/03\/oficina-gratuita-apresenta-os-fundamentos-da-direcao-de-arte-no-cinema\/\" tabindex=\"-1\" >\n\t\t\t<div class=\"elementor-post__thumbnail\"><img loading=\"lazy\" decoding=\"async\" width=\"300\" height=\"157\" src=\"https:\/\/www.informasaoroque.com.br\/informasaoroque\/wp-content\/uploads\/2026\/09\/oficina-direcao-de-arte-em-cena-informasaoroque-300x157.jpeg\" class=\"attachment-medium size-medium wp-image-37842\" alt=\"\" srcset=\"https:\/\/www.informasaoroque.com.br\/informasaoroque\/wp-content\/uploads\/2026\/09\/oficina-direcao-de-arte-em-cena-informasaoroque-300x157.jpeg 300w, https:\/\/www.informasaoroque.com.br\/informasaoroque\/wp-content\/uploads\/2026\/09\/oficina-direcao-de-arte-em-cena-informasaoroque.jpeg 600w\" sizes=\"(max-width: 300px) 100vw, 300px\" \/><\/div>\n\t\t<\/a>\n\t\t\t\t<div class=\"elementor-post__text\">\n\t\t\t\t<h3 class=\"elementor-post__title\">\n\t\t\t<a href=\"https:\/\/www.informasaoroque.com.br\/informasaoroque\/2026\/09\/03\/oficina-gratuita-apresenta-os-fundamentos-da-direcao-de-arte-no-cinema\/\" >\n\t\t\t\tOficina Gratuita apresenta os fundamentos da dire\u00e7\u00e3o de arte no cinema\t\t\t<\/a>\n\t\t<\/h3>\n\t\t\t\t<div class=\"elementor-post__meta-data\">\n\t\t\t\t\t<span class=\"elementor-post-author\">\n\t\t\tInforma S\u00e3o Roque\t\t<\/span>\n\t\t\t\t<span class=\"elementor-post-date\">\n\t\t\t3 de setembro de 2026\t\t<\/span>\n\t\t\t\t<\/div>\n\t\t\t\t<div class=\"elementor-post__excerpt\">\n\t\t\t<p>A Prefeitura de S\u00e3o Roque, em parceria com o Pontos MIS, promove no dia 15 de setembro a oficina \u201cA Dire\u00e7\u00e3o de Arte em Cena\u201d, atividade gratuita voltada a pessoas\t\t<\/div>\n\t\t\n\t\t<a class=\"elementor-post__read-more\" href=\"https:\/\/www.informasaoroque.com.br\/informasaoroque\/2026\/09\/03\/oficina-gratuita-apresenta-os-fundamentos-da-direcao-de-arte-no-cinema\/\" aria-label=\"Leia mais sobre Oficina Gratuita apresenta os fundamentos da dire\u00e7\u00e3o de arte no cinema\" tabindex=\"-1\" >\n\t\t\tLeia mais \u00bb\t\t<\/a>\n\n\t\t\t\t<\/div>\n\t\t\t\t<\/article>\n\t\t\t\t<article class=\"elementor-post elementor-grid-item post-37826 post type-post status-publish format-standard has-post-thumbnail hentry category-cultura category-noticias category-saude\" role=\"listitem\">\n\t\t\t\t<a class=\"elementor-post__thumbnail__link\" href=\"https:\/\/www.informasaoroque.com.br\/informasaoroque\/2026\/09\/02\/movimento-setembro-amarelo-2\/\" tabindex=\"-1\" >\n\t\t\t<div class=\"elementor-post__thumbnail\"><img loading=\"lazy\" decoding=\"async\" width=\"300\" height=\"157\" src=\"https:\/\/www.informasaoroque.com.br\/informasaoroque\/wp-content\/uploads\/2026\/09\/setembro-amarelo-2026-escutar-e-estar-presente-informasaoroque-300x157.jpeg\" class=\"attachment-medium size-medium wp-image-37827\" alt=\"\" srcset=\"https:\/\/www.informasaoroque.com.br\/informasaoroque\/wp-content\/uploads\/2026\/09\/setembro-amarelo-2026-escutar-e-estar-presente-informasaoroque-300x157.jpeg 300w, https:\/\/www.informasaoroque.com.br\/informasaoroque\/wp-content\/uploads\/2026\/09\/setembro-amarelo-2026-escutar-e-estar-presente-informasaoroque.jpeg 600w\" sizes=\"(max-width: 300px) 100vw, 300px\" \/><\/div>\n\t\t<\/a>\n\t\t\t\t<div class=\"elementor-post__text\">\n\t\t\t\t<h3 class=\"elementor-post__title\">\n\t\t\t<a href=\"https:\/\/www.informasaoroque.com.br\/informasaoroque\/2026\/09\/02\/movimento-setembro-amarelo-2\/\" >\n\t\t\t\tMovimento Setembro Amarelo completa onze anos com o lema \u201cEscutar \u00e9 estar presente\u201d\t\t\t<\/a>\n\t\t<\/h3>\n\t\t\t\t<div class=\"elementor-post__meta-data\">\n\t\t\t\t\t<span class=\"elementor-post-author\">\n\t\t\tInforma S\u00e3o Roque\t\t<\/span>\n\t\t\t\t<span class=\"elementor-post-date\">\n\t\t\t2 de setembro de 2026\t\t<\/span>\n\t\t\t\t<\/div>\n\t\t\t\t<div class=\"elementor-post__excerpt\">\n\t\t\t<p>Campanha do CVV para o Setembro Amarelo 2026 refor\u00e7a que ouvir com aten\u00e7\u00e3o, sem julgamentos, pode fazer a diferen\u00e7a na vida de quem enfrenta sofrimento emocional<\/p>\t\t<\/div>\n\t\t\n\t\t<a class=\"elementor-post__read-more\" href=\"https:\/\/www.informasaoroque.com.br\/informasaoroque\/2026\/09\/02\/movimento-setembro-amarelo-2\/\" aria-label=\"Leia mais sobre Movimento Setembro Amarelo completa onze anos com o lema \u201cEscutar \u00e9 estar presente\u201d\" tabindex=\"-1\" >\n\t\t\tLeia mais \u00bb\t\t<\/a>\n\n\t\t\t\t<\/div>\n\t\t\t\t<\/article>\n\t\t\t\t<article class=\"elementor-post elementor-grid-item post-37808 post type-post status-publish format-standard has-post-thumbnail hentry category-empregos category-noticias\" role=\"listitem\">\n\t\t\t\t<a class=\"elementor-post__thumbnail__link\" href=\"https:\/\/www.informasaoroque.com.br\/informasaoroque\/2026\/09\/01\/pat-sao-roque-traz-novas-vagas-para-balconista-de-acougue-cozinheiro-estoquista-maitre-e-muito-mais\/\" tabindex=\"-1\" >\n\t\t\t<div class=\"elementor-post__thumbnail\"><img loading=\"lazy\" decoding=\"async\" width=\"300\" height=\"157\" src=\"https:\/\/www.informasaoroque.com.br\/informasaoroque\/wp-content\/uploads\/2022\/12\/pat_capa-300x157.jpg\" class=\"attachment-medium size-medium wp-image-6166\" alt=\"\" srcset=\"https:\/\/www.informasaoroque.com.br\/informasaoroque\/wp-content\/uploads\/2022\/12\/pat_capa-300x157.jpg 300w, https:\/\/www.informasaoroque.com.br\/informasaoroque\/wp-content\/uploads\/2022\/12\/pat_capa.jpg 600w\" sizes=\"(max-width: 300px) 100vw, 300px\" \/><\/div>\n\t\t<\/a>\n\t\t\t\t<div class=\"elementor-post__text\">\n\t\t\t\t<h3 class=\"elementor-post__title\">\n\t\t\t<a href=\"https:\/\/www.informasaoroque.com.br\/informasaoroque\/2026\/09\/01\/pat-sao-roque-traz-novas-vagas-para-balconista-de-acougue-cozinheiro-estoquista-maitre-e-muito-mais\/\" >\n\t\t\t\tPat S\u00e3o Roque traz novas vagas para Balconista de A\u00e7ougue, Cozinheiro, Estoquista, Ma\u00eetre e muito mais\t\t\t<\/a>\n\t\t<\/h3>\n\t\t\t\t<div class=\"elementor-post__meta-data\">\n\t\t\t\t\t<span class=\"elementor-post-author\">\n\t\t\tInforma S\u00e3o Roque\t\t<\/span>\n\t\t\t\t<span class=\"elementor-post-date\">\n\t\t\t1 de setembro de 2026\t\t<\/span>\n\t\t\t\t<\/div>\n\t\t\t\t<div class=\"elementor-post__excerpt\">\n\t\t\t<p>A Prefeitura de S\u00e3o Roque divulga as vagas de emprego cadastradas no Posto de Atendimento ao Trabalhador (PAT). <\/p> <p>Atualizado no dia 31\/08\/2026<\/p>\t\t<\/div>\n\t\t\n\t\t<a class=\"elementor-post__read-more\" href=\"https:\/\/www.informasaoroque.com.br\/informasaoroque\/2026\/09\/01\/pat-sao-roque-traz-novas-vagas-para-balconista-de-acougue-cozinheiro-estoquista-maitre-e-muito-mais\/\" aria-label=\"Leia mais sobre Pat S\u00e3o Roque traz novas vagas para Balconista de A\u00e7ougue, Cozinheiro, Estoquista, Ma\u00eetre e muito mais\" tabindex=\"-1\" >\n\t\t\tLeia mais \u00bb\t\t<\/a>\n\n\t\t\t\t<\/div>\n\t\t\t\t<\/article>\n\t\t\t\t<article class=\"elementor-post elementor-grid-item post-37796 post type-post status-publish format-standard has-post-thumbnail hentry category-cultura category-eventos category-negocios category-noticias category-servicos category-turismo\" role=\"listitem\">\n\t\t\t\t<a class=\"elementor-post__thumbnail__link\" href=\"https:\/\/www.informasaoroque.com.br\/informasaoroque\/2026\/09\/01\/prefeitura-abre-inscricoes-para-comerciantes-no-desfile-de-7-de-setembro\/\" tabindex=\"-1\" >\n\t\t\t<div class=\"elementor-post__thumbnail\"><img loading=\"lazy\" decoding=\"async\" width=\"300\" height=\"157\" src=\"https:\/\/www.informasaoroque.com.br\/informasaoroque\/wp-content\/uploads\/2026\/09\/desfile-civico-7-de-setembro-2026-informasaoroque-300x157.jpeg\" class=\"attachment-medium size-medium wp-image-37798\" alt=\"\" srcset=\"https:\/\/www.informasaoroque.com.br\/informasaoroque\/wp-content\/uploads\/2026\/09\/desfile-civico-7-de-setembro-2026-informasaoroque-300x157.jpeg 300w, https:\/\/www.informasaoroque.com.br\/informasaoroque\/wp-content\/uploads\/2026\/09\/desfile-civico-7-de-setembro-2026-informasaoroque.jpeg 600w\" sizes=\"(max-width: 300px) 100vw, 300px\" \/><\/div>\n\t\t<\/a>\n\t\t\t\t<div class=\"elementor-post__text\">\n\t\t\t\t<h3 class=\"elementor-post__title\">\n\t\t\t<a href=\"https:\/\/www.informasaoroque.com.br\/informasaoroque\/2026\/09\/01\/prefeitura-abre-inscricoes-para-comerciantes-no-desfile-de-7-de-setembro\/\" >\n\t\t\t\tPrefeitura abre inscri\u00e7\u00f5es para comerciantes no desfile de 7 de setembro\t\t\t<\/a>\n\t\t<\/h3>\n\t\t\t\t<div class=\"elementor-post__meta-data\">\n\t\t\t\t\t<span class=\"elementor-post-author\">\n\t\t\tInforma S\u00e3o Roque\t\t<\/span>\n\t\t\t\t<span class=\"elementor-post-date\">\n\t\t\t1 de setembro de 2026\t\t<\/span>\n\t\t\t\t<\/div>\n\t\t\t\t<div class=\"elementor-post__excerpt\">\n\t\t\t<p>A Prefeitura de S\u00e3o Roque abriu as inscri\u00e7\u00f5es para comerciantes interessados em levar seus produtos para a edi\u00e7\u00e3o 2026 do Desfile de 7 de Setembro, que acontece na pr\u00f3xima segunda-feira,\t\t<\/div>\n\t\t\n\t\t<a class=\"elementor-post__read-more\" href=\"https:\/\/www.informasaoroque.com.br\/informasaoroque\/2026\/09\/01\/prefeitura-abre-inscricoes-para-comerciantes-no-desfile-de-7-de-setembro\/\" aria-label=\"Leia mais sobre Prefeitura abre inscri\u00e7\u00f5es para comerciantes no desfile de 7 de setembro\" tabindex=\"-1\" >\n\t\t\tLeia mais \u00bb\t\t<\/a>\n\n\t\t\t\t<\/div>\n\t\t\t\t<\/article>\n\t\t\t\t<article class=\"elementor-post elementor-grid-item post-37753 post type-post status-publish format-standard has-post-thumbnail hentry category-meio-ambiente category-noticias category-politica category-servicos\" role=\"listitem\">\n\t\t\t\t<a class=\"elementor-post__thumbnail__link\" href=\"https:\/\/www.informasaoroque.com.br\/informasaoroque\/2026\/08\/31\/lobo-guara-resgatado-em-sao-roque-retorna-a-natureza\/\" tabindex=\"-1\" >\n\t\t\t<div class=\"elementor-post__thumbnail\"><img loading=\"lazy\" decoding=\"async\" width=\"300\" height=\"157\" src=\"https:\/\/www.informasaoroque.com.br\/informasaoroque\/wp-content\/uploads\/2026\/08\/lobo-guara-resgatado-em-sao-roque-volta-para-a-natureza-informasaoroque-300x157.jpeg\" class=\"attachment-medium size-medium wp-image-37756\" alt=\"\" srcset=\"https:\/\/www.informasaoroque.com.br\/informasaoroque\/wp-content\/uploads\/2026\/08\/lobo-guara-resgatado-em-sao-roque-volta-para-a-natureza-informasaoroque-300x157.jpeg 300w, https:\/\/www.informasaoroque.com.br\/informasaoroque\/wp-content\/uploads\/2026\/08\/lobo-guara-resgatado-em-sao-roque-volta-para-a-natureza-informasaoroque.jpeg 600w\" sizes=\"(max-width: 300px) 100vw, 300px\" \/><\/div>\n\t\t<\/a>\n\t\t\t\t<div class=\"elementor-post__text\">\n\t\t\t\t<h3 class=\"elementor-post__title\">\n\t\t\t<a href=\"https:\/\/www.informasaoroque.com.br\/informasaoroque\/2026\/08\/31\/lobo-guara-resgatado-em-sao-roque-retorna-a-natureza\/\" >\n\t\t\t\tLobo-guar\u00e1 resgatado em S\u00e3o Roque retorna \u00e0 natureza\t\t\t<\/a>\n\t\t<\/h3>\n\t\t\t\t<div class=\"elementor-post__meta-data\">\n\t\t\t\t\t<span class=\"elementor-post-author\">\n\t\t\tInforma S\u00e3o Roque\t\t<\/span>\n\t\t\t\t<span class=\"elementor-post-date\">\n\t\t\t31 de agosto de 2026\t\t<\/span>\n\t\t\t\t<\/div>\n\t\t\t\t<div class=\"elementor-post__excerpt\">\n\t\t\t<p>O lobo-guar\u00e1 resgatado na regi\u00e3o do Pav\u00e3o, em S\u00e3o Roque, voltou \u00e0 natureza na manh\u00e3 deste domingo, dia 30 de agosto, em um momento marcado pela emo\u00e7\u00e3o e pelo sucesso\t\t<\/div>\n\t\t\n\t\t<a class=\"elementor-post__read-more\" href=\"https:\/\/www.informasaoroque.com.br\/informasaoroque\/2026\/08\/31\/lobo-guara-resgatado-em-sao-roque-retorna-a-natureza\/\" aria-label=\"Leia mais sobre Lobo-guar\u00e1 resgatado em S\u00e3o Roque retorna \u00e0 natureza\" tabindex=\"-1\" >\n\t\t\tLeia mais \u00bb\t\t<\/a>\n\n\t\t\t\t<\/div>\n\t\t\t\t<\/article>\n\t\t\t\t<article class=\"elementor-post elementor-grid-item post-37744 post type-post status-publish format-standard has-post-thumbnail hentry category-meio-ambiente category-noticias category-obras-infra-estrutura category-servicos\" role=\"listitem\">\n\t\t\t\t<a class=\"elementor-post__thumbnail__link\" href=\"https:\/\/www.informasaoroque.com.br\/informasaoroque\/2026\/08\/31\/comecaram-as-obras-de-troca-do-piso-da-praca-da-matriz\/\" tabindex=\"-1\" >\n\t\t\t<div class=\"elementor-post__thumbnail\"><img loading=\"lazy\" decoding=\"async\" width=\"300\" height=\"157\" src=\"https:\/\/www.informasaoroque.com.br\/informasaoroque\/wp-content\/uploads\/2026\/08\/troca-do-piso-da-praca-da-matriz-informasaoroque-300x157.jpeg\" class=\"attachment-medium size-medium wp-image-37766\" alt=\"\" srcset=\"https:\/\/www.informasaoroque.com.br\/informasaoroque\/wp-content\/uploads\/2026\/08\/troca-do-piso-da-praca-da-matriz-informasaoroque-300x157.jpeg 300w, https:\/\/www.informasaoroque.com.br\/informasaoroque\/wp-content\/uploads\/2026\/08\/troca-do-piso-da-praca-da-matriz-informasaoroque.jpeg 600w\" sizes=\"(max-width: 300px) 100vw, 300px\" \/><\/div>\n\t\t<\/a>\n\t\t\t\t<div class=\"elementor-post__text\">\n\t\t\t\t<h3 class=\"elementor-post__title\">\n\t\t\t<a href=\"https:\/\/www.informasaoroque.com.br\/informasaoroque\/2026\/08\/31\/comecaram-as-obras-de-troca-do-piso-da-praca-da-matriz\/\" >\n\t\t\t\tCome\u00e7aram as obras de troca do piso da Pra\u00e7a da Matriz\t\t\t<\/a>\n\t\t<\/h3>\n\t\t\t\t<div class=\"elementor-post__meta-data\">\n\t\t\t\t\t<span class=\"elementor-post-author\">\n\t\t\tInforma S\u00e3o Roque\t\t<\/span>\n\t\t\t\t<span class=\"elementor-post-date\">\n\t\t\t31 de agosto de 2026\t\t<\/span>\n\t\t\t\t<\/div>\n\t\t\t\t<div class=\"elementor-post__excerpt\">\n\t\t\t<p>Come\u00e7aram nesta semana as obras de revitaliza\u00e7\u00e3o do piso Pra\u00e7a da Matriz, no Centro de S\u00e3o Roque. Com os trabalhos, o antigo piso ser\u00e1 substitu\u00eddo por material intertravado, o mesmo\t\t<\/div>\n\t\t\n\t\t<a class=\"elementor-post__read-more\" href=\"https:\/\/www.informasaoroque.com.br\/informasaoroque\/2026\/08\/31\/comecaram-as-obras-de-troca-do-piso-da-praca-da-matriz\/\" aria-label=\"Leia mais sobre Come\u00e7aram as obras de troca do piso da Pra\u00e7a da Matriz\" tabindex=\"-1\" >\n\t\t\tLeia mais \u00bb\t\t<\/a>\n\n\t\t\t\t<\/div>\n\t\t\t\t<\/article>\n\t\t\t\t<article class=\"elementor-post elementor-grid-item post-37732 post type-post status-publish format-standard has-post-thumbnail hentry category-meio-ambiente category-noticias category-obras-infra-estrutura category-servicos\" role=\"listitem\">\n\t\t\t\t<a class=\"elementor-post__thumbnail__link\" href=\"https:\/\/www.informasaoroque.com.br\/informasaoroque\/2026\/08\/29\/sabesp-vai-investir-r-524-milhoes-em-saneamento-e-infraestrutura-em-sao-roque-ate-2029\/\" tabindex=\"-1\" >\n\t\t\t<div class=\"elementor-post__thumbnail\"><img loading=\"lazy\" decoding=\"async\" width=\"300\" height=\"157\" src=\"https:\/\/www.informasaoroque.com.br\/informasaoroque\/wp-content\/uploads\/2026\/08\/sabedsp-investe-524-milhoes-em-melhorias-na-cidade-informasaoroque-300x157.jpeg\" class=\"attachment-medium size-medium wp-image-37733\" alt=\"\" srcset=\"https:\/\/www.informasaoroque.com.br\/informasaoroque\/wp-content\/uploads\/2026\/08\/sabedsp-investe-524-milhoes-em-melhorias-na-cidade-informasaoroque-300x157.jpeg 300w, https:\/\/www.informasaoroque.com.br\/informasaoroque\/wp-content\/uploads\/2026\/08\/sabedsp-investe-524-milhoes-em-melhorias-na-cidade-informasaoroque.jpeg 600w\" sizes=\"(max-width: 300px) 100vw, 300px\" \/><\/div>\n\t\t<\/a>\n\t\t\t\t<div class=\"elementor-post__text\">\n\t\t\t\t<h3 class=\"elementor-post__title\">\n\t\t\t<a href=\"https:\/\/www.informasaoroque.com.br\/informasaoroque\/2026\/08\/29\/sabesp-vai-investir-r-524-milhoes-em-saneamento-e-infraestrutura-em-sao-roque-ate-2029\/\" >\n\t\t\t\tSabesp vai investir R$ 524 milh\u00f5es em saneamento e infraestrutura em S\u00e3o Roque at\u00e9 2029\t\t\t<\/a>\n\t\t<\/h3>\n\t\t\t\t<div class=\"elementor-post__meta-data\">\n\t\t\t\t\t<span class=\"elementor-post-author\">\n\t\t\tInforma S\u00e3o Roque\t\t<\/span>\n\t\t\t\t<span class=\"elementor-post-date\">\n\t\t\t29 de agosto de 2026\t\t<\/span>\n\t\t\t\t<\/div>\n\t\t\t\t<div class=\"elementor-post__excerpt\">\n\t\t\t<p>A Sabesp vai ampliar os investimentos em S\u00e3o Roque, com previs\u00e3o de R$ 524 milh\u00f5es entre 2026 e 2029, destinados \u00e0 expans\u00e3o e moderniza\u00e7\u00e3o dos sistemas de abastecimento de \u00e1gua\t\t<\/div>\n\t\t\n\t\t<a class=\"elementor-post__read-more\" href=\"https:\/\/www.informasaoroque.com.br\/informasaoroque\/2026\/08\/29\/sabesp-vai-investir-r-524-milhoes-em-saneamento-e-infraestrutura-em-sao-roque-ate-2029\/\" aria-label=\"Leia mais sobre Sabesp vai investir R$ 524 milh\u00f5es em saneamento e infraestrutura em S\u00e3o Roque at\u00e9 2029\" tabindex=\"-1\" >\n\t\t\tLeia mais \u00bb\t\t<\/a>\n\n\t\t\t\t<\/div>\n\t\t\t\t<\/article>\n\t\t\t\t<article class=\"elementor-post elementor-grid-item post-37718 post type-post status-publish format-standard has-post-thumbnail hentry category-cultura category-educacao category-meio-ambiente category-noticias\" role=\"listitem\">\n\t\t\t\t<a class=\"elementor-post__thumbnail__link\" href=\"https:\/\/www.informasaoroque.com.br\/informasaoroque\/2026\/08\/26\/centro-de-excelencia-em-tecnologia-rural-e-inaugurado-em-sao-roque-e-amplia-acesso-a-inovacao-no-campo\/\" tabindex=\"-1\" >\n\t\t\t<div class=\"elementor-post__thumbnail\"><img loading=\"lazy\" decoding=\"async\" width=\"300\" height=\"157\" src=\"https:\/\/www.informasaoroque.com.br\/informasaoroque\/wp-content\/uploads\/2026\/08\/Centro-de-Formacao-Profissional-Rural-Dr-Celso-Charuri-informasaoroque-300x157.jpeg\" class=\"attachment-medium size-medium wp-image-37721\" alt=\"\" srcset=\"https:\/\/www.informasaoroque.com.br\/informasaoroque\/wp-content\/uploads\/2026\/08\/Centro-de-Formacao-Profissional-Rural-Dr-Celso-Charuri-informasaoroque-300x157.jpeg 300w, https:\/\/www.informasaoroque.com.br\/informasaoroque\/wp-content\/uploads\/2026\/08\/Centro-de-Formacao-Profissional-Rural-Dr-Celso-Charuri-informasaoroque.jpeg 600w\" sizes=\"(max-width: 300px) 100vw, 300px\" \/><\/div>\n\t\t<\/a>\n\t\t\t\t<div class=\"elementor-post__text\">\n\t\t\t\t<h3 class=\"elementor-post__title\">\n\t\t\t<a href=\"https:\/\/www.informasaoroque.com.br\/informasaoroque\/2026\/08\/26\/centro-de-excelencia-em-tecnologia-rural-e-inaugurado-em-sao-roque-e-amplia-acesso-a-inovacao-no-campo\/\" >\n\t\t\t\tCentro de Excel\u00eancia em Tecnologia Rural \u00e9 inaugurado em S\u00e3o Roque e amplia acesso \u00e0 inova\u00e7\u00e3o no campo\t\t\t<\/a>\n\t\t<\/h3>\n\t\t\t\t<div class=\"elementor-post__meta-data\">\n\t\t\t\t\t<span class=\"elementor-post-author\">\n\t\t\tInforma S\u00e3o Roque\t\t<\/span>\n\t\t\t\t<span class=\"elementor-post-date\">\n\t\t\t26 de agosto de 2026\t\t<\/span>\n\t\t\t\t<\/div>\n\t\t\t\t<div class=\"elementor-post__excerpt\">\n\t\t\t<p>S\u00e3o Roque ganhou, neste s\u00e1bado, dia 22, um novo espa\u00e7o voltado \u00e0 forma\u00e7\u00e3o profissional, inova\u00e7\u00e3o e desenvolvimento da agropecu\u00e1ria. <\/p>\t\t<\/div>\n\t\t\n\t\t<a class=\"elementor-post__read-more\" href=\"https:\/\/www.informasaoroque.com.br\/informasaoroque\/2026\/08\/26\/centro-de-excelencia-em-tecnologia-rural-e-inaugurado-em-sao-roque-e-amplia-acesso-a-inovacao-no-campo\/\" aria-label=\"Leia mais sobre Centro de Excel\u00eancia em Tecnologia Rural \u00e9 inaugurado em S\u00e3o Roque e amplia acesso \u00e0 inova\u00e7\u00e3o no campo\" tabindex=\"-1\" >\n\t\t\tLeia mais \u00bb\t\t<\/a>\n\n\t\t\t\t<\/div>\n\t\t\t\t<\/article>\n\t\t\t\t<article class=\"elementor-post elementor-grid-item post-37698 post type-post status-publish format-standard has-post-thumbnail hentry category-cultura category-meio-ambiente category-noticias category-politica\" role=\"listitem\">\n\t\t\t\t<a class=\"elementor-post__thumbnail__link\" href=\"https:\/\/www.informasaoroque.com.br\/informasaoroque\/2026\/08\/25\/sao-roque-apresenta-experiencia-de-vigilancia-socioassistencial-em-congresso-nacional\/\" tabindex=\"-1\" >\n\t\t\t<div class=\"elementor-post__thumbnail\"><img loading=\"lazy\" decoding=\"async\" width=\"300\" height=\"157\" src=\"https:\/\/www.informasaoroque.com.br\/informasaoroque\/wp-content\/uploads\/2026\/08\/congresso-brasileiro-de-vigilancia-socio-assistencial-informasaoroque-300x157.jpeg\" class=\"attachment-medium size-medium wp-image-37700\" alt=\"\" srcset=\"https:\/\/www.informasaoroque.com.br\/informasaoroque\/wp-content\/uploads\/2026\/08\/congresso-brasileiro-de-vigilancia-socio-assistencial-informasaoroque-300x157.jpeg 300w, https:\/\/www.informasaoroque.com.br\/informasaoroque\/wp-content\/uploads\/2026\/08\/congresso-brasileiro-de-vigilancia-socio-assistencial-informasaoroque.jpeg 600w\" sizes=\"(max-width: 300px) 100vw, 300px\" \/><\/div>\n\t\t<\/a>\n\t\t\t\t<div class=\"elementor-post__text\">\n\t\t\t\t<h3 class=\"elementor-post__title\">\n\t\t\t<a href=\"https:\/\/www.informasaoroque.com.br\/informasaoroque\/2026\/08\/25\/sao-roque-apresenta-experiencia-de-vigilancia-socioassistencial-em-congresso-nacional\/\" >\n\t\t\t\tS\u00e3o Roque apresenta experi\u00eancia de Vigil\u00e2ncia Socioassistencial em Congresso Nacional\t\t\t<\/a>\n\t\t<\/h3>\n\t\t\t\t<div class=\"elementor-post__meta-data\">\n\t\t\t\t\t<span class=\"elementor-post-author\">\n\t\t\tInforma S\u00e3o Roque\t\t<\/span>\n\t\t\t\t<span class=\"elementor-post-date\">\n\t\t\t25 de agosto de 2026\t\t<\/span>\n\t\t\t\t<\/div>\n\t\t\t\t<div class=\"elementor-post__excerpt\">\n\t\t\t<p>Entre os dias 22 e 24 de julho, S\u00e3o Roque participou do II Congresso Nacional de Vigil\u00e2ncia Socioassistencial, evento que reuniu profissionais e gestores de diferentes munic\u00edpios e estados brasileiros\t\t<\/div>\n\t\t\n\t\t<a class=\"elementor-post__read-more\" href=\"https:\/\/www.informasaoroque.com.br\/informasaoroque\/2026\/08\/25\/sao-roque-apresenta-experiencia-de-vigilancia-socioassistencial-em-congresso-nacional\/\" aria-label=\"Leia mais sobre S\u00e3o Roque apresenta experi\u00eancia de Vigil\u00e2ncia Socioassistencial em Congresso Nacional\" tabindex=\"-1\" >\n\t\t\tLeia mais \u00bb\t\t<\/a>\n\n\t\t\t\t<\/div>\n\t\t\t\t<\/article>\n\t\t\t\t<article class=\"elementor-post elementor-grid-item post-37688 post type-post status-publish format-standard has-post-thumbnail hentry category-cultura category-educacao category-lazer category-noticias\" role=\"listitem\">\n\t\t\t\t<a class=\"elementor-post__thumbnail__link\" href=\"https:\/\/www.informasaoroque.com.br\/informasaoroque\/2026\/08\/23\/divisao-de-cultura-promove-aulas-gratuitas-de-danca-flashback-na-brasital\/\" tabindex=\"-1\" >\n\t\t\t<div class=\"elementor-post__thumbnail\"><img loading=\"lazy\" decoding=\"async\" width=\"300\" height=\"157\" src=\"https:\/\/www.informasaoroque.com.br\/informasaoroque\/wp-content\/uploads\/2026\/08\/aulas-gratuitas-de-danca-flaxhback-informasaoroque-300x157.jpeg\" class=\"attachment-medium size-medium wp-image-37691\" alt=\"\" srcset=\"https:\/\/www.informasaoroque.com.br\/informasaoroque\/wp-content\/uploads\/2026\/08\/aulas-gratuitas-de-danca-flaxhback-informasaoroque-300x157.jpeg 300w, https:\/\/www.informasaoroque.com.br\/informasaoroque\/wp-content\/uploads\/2026\/08\/aulas-gratuitas-de-danca-flaxhback-informasaoroque.jpeg 600w\" sizes=\"(max-width: 300px) 100vw, 300px\" \/><\/div>\n\t\t<\/a>\n\t\t\t\t<div class=\"elementor-post__text\">\n\t\t\t\t<h3 class=\"elementor-post__title\">\n\t\t\t<a href=\"https:\/\/www.informasaoroque.com.br\/informasaoroque\/2026\/08\/23\/divisao-de-cultura-promove-aulas-gratuitas-de-danca-flashback-na-brasital\/\" >\n\t\t\t\tDivis\u00e3o de Cultura promove aulas gratuitas de dan\u00e7a Flashback na Brasital\t\t\t<\/a>\n\t\t<\/h3>\n\t\t\t\t<div class=\"elementor-post__meta-data\">\n\t\t\t\t\t<span class=\"elementor-post-author\">\n\t\t\tInforma S\u00e3o Roque\t\t<\/span>\n\t\t\t\t<span class=\"elementor-post-date\">\n\t\t\t23 de agosto de 2026\t\t<\/span>\n\t\t\t\t<\/div>\n\t\t\t\t<div class=\"elementor-post__excerpt\">\n\t\t\t<p>A Divis\u00e3o de Cultura de S\u00e3o Roque traz uma nova atividade para a Brasital a partir do dia 1\u00ba de setembro. A popula\u00e7\u00e3o poder\u00e1 participar de aulas de dan\u00e7a Flashback,\t\t<\/div>\n\t\t\n\t\t<a class=\"elementor-post__read-more\" href=\"https:\/\/www.informasaoroque.com.br\/informasaoroque\/2026\/08\/23\/divisao-de-cultura-promove-aulas-gratuitas-de-danca-flashback-na-brasital\/\" aria-label=\"Leia mais sobre Divis\u00e3o de Cultura promove aulas gratuitas de dan\u00e7a Flashback na Brasital\" tabindex=\"-1\" >\n\t\t\tLeia mais \u00bb\t\t<\/a>\n\n\t\t\t\t<\/div>\n\t\t\t\t<\/article>\n\t\t\t\t<article class=\"elementor-post elementor-grid-item post-37651 post type-post status-publish format-standard has-post-thumbnail hentry category-meio-ambiente category-noticias\" role=\"listitem\">\n\t\t\t\t<a class=\"elementor-post__thumbnail__link\" href=\"https:\/\/www.informasaoroque.com.br\/informasaoroque\/2026\/08\/22\/sao-roque-aguarda-nova-etapa-do-plano-de-manejo-do-parque-natural-municipal-prevista-para-setembro\/\" tabindex=\"-1\" >\n\t\t\t<div class=\"elementor-post__thumbnail\"><img loading=\"lazy\" decoding=\"async\" width=\"300\" height=\"157\" src=\"https:\/\/www.informasaoroque.com.br\/informasaoroque\/wp-content\/uploads\/2026\/08\/mata-da-camara-sao-roque-informasaoroque-300x157.jpeg\" class=\"attachment-medium size-medium wp-image-37653\" alt=\"\" srcset=\"https:\/\/www.informasaoroque.com.br\/informasaoroque\/wp-content\/uploads\/2026\/08\/mata-da-camara-sao-roque-informasaoroque-300x157.jpeg 300w, https:\/\/www.informasaoroque.com.br\/informasaoroque\/wp-content\/uploads\/2026\/08\/mata-da-camara-sao-roque-informasaoroque.jpeg 700w\" sizes=\"(max-width: 300px) 100vw, 300px\" \/><\/div>\n\t\t<\/a>\n\t\t\t\t<div class=\"elementor-post__text\">\n\t\t\t\t<h3 class=\"elementor-post__title\">\n\t\t\t<a href=\"https:\/\/www.informasaoroque.com.br\/informasaoroque\/2026\/08\/22\/sao-roque-aguarda-nova-etapa-do-plano-de-manejo-do-parque-natural-municipal-prevista-para-setembro\/\" >\n\t\t\t\tNova etapa do Plano de Manejo do Parque Natural Municipal acontece em  Setembro\t\t\t<\/a>\n\t\t<\/h3>\n\t\t\t\t<div class=\"elementor-post__meta-data\">\n\t\t\t\t\t<span class=\"elementor-post-author\">\n\t\t\tInforma S\u00e3o Roque\t\t<\/span>\n\t\t\t\t<span class=\"elementor-post-date\">\n\t\t\t22 de agosto de 2026\t\t<\/span>\n\t\t\t\t<\/div>\n\t\t\t\t<div class=\"elementor-post__excerpt\">\n\t\t\t<p>A Prefeitura de S\u00e3o Roque, por meio da sua Divis\u00e3o de Meio Ambiente, Funda\u00e7\u00e3o de Estudos e Pesquisas Agr\u00edcolas e Florestais (FEPAF), vinculada \u00e0 UNESP de Botucatu, est\u00e1 desenvolvendo o\t\t<\/div>\n\t\t\n\t\t<a class=\"elementor-post__read-more\" href=\"https:\/\/www.informasaoroque.com.br\/informasaoroque\/2026\/08\/22\/sao-roque-aguarda-nova-etapa-do-plano-de-manejo-do-parque-natural-municipal-prevista-para-setembro\/\" aria-label=\"Leia mais sobre Nova etapa do Plano de Manejo do Parque Natural Municipal acontece em  Setembro\" tabindex=\"-1\" >\n\t\t\tLeia mais \u00bb\t\t<\/a>\n\n\t\t\t\t<\/div>\n\t\t\t\t<\/article>\n\t\t\t\t<article class=\"elementor-post elementor-grid-item post-37633 post type-post status-publish format-standard has-post-thumbnail hentry category-noticias category-saude category-servicos\" role=\"listitem\">\n\t\t\t\t<a class=\"elementor-post__thumbnail__link\" href=\"https:\/\/www.informasaoroque.com.br\/informasaoroque\/2026\/08\/21\/saude-de-sao-roque-promove-dia-d-de-vacinacao-neste-sabado\/\" tabindex=\"-1\" >\n\t\t\t<div class=\"elementor-post__thumbnail\"><img loading=\"lazy\" decoding=\"async\" width=\"300\" height=\"157\" src=\"https:\/\/www.informasaoroque.com.br\/informasaoroque\/wp-content\/uploads\/2026\/08\/dia-d-da-vacinacao-22-agosto-sabado-informasaoroque--300x157.jpeg\" class=\"attachment-medium size-medium wp-image-37640\" alt=\"\" srcset=\"https:\/\/www.informasaoroque.com.br\/informasaoroque\/wp-content\/uploads\/2026\/08\/dia-d-da-vacinacao-22-agosto-sabado-informasaoroque--300x157.jpeg 300w, https:\/\/www.informasaoroque.com.br\/informasaoroque\/wp-content\/uploads\/2026\/08\/dia-d-da-vacinacao-22-agosto-sabado-informasaoroque-.jpeg 600w\" sizes=\"(max-width: 300px) 100vw, 300px\" \/><\/div>\n\t\t<\/a>\n\t\t\t\t<div class=\"elementor-post__text\">\n\t\t\t\t<h3 class=\"elementor-post__title\">\n\t\t\t<a href=\"https:\/\/www.informasaoroque.com.br\/informasaoroque\/2026\/08\/21\/saude-de-sao-roque-promove-dia-d-de-vacinacao-neste-sabado\/\" >\n\t\t\t\tSa\u00fade de S\u00e3o Roque Promove dia D de Vacina\u00e7\u00e3o neste s\u00e1bado\t\t\t<\/a>\n\t\t<\/h3>\n\t\t\t\t<div class=\"elementor-post__meta-data\">\n\t\t\t\t\t<span class=\"elementor-post-author\">\n\t\t\tInforma S\u00e3o Roque\t\t<\/span>\n\t\t\t\t<span class=\"elementor-post-date\">\n\t\t\t21 de agosto de 2026\t\t<\/span>\n\t\t\t\t<\/div>\n\t\t\t\t<div class=\"elementor-post__excerpt\">\n\t\t\t<p>O Departamento de Sa\u00fade de S\u00e3o Roque realiza, no pr\u00f3ximo s\u00e1bado, dia 22 de agosto, o Dia D de Vacina\u00e7\u00e3o, levando servi\u00e7os de preven\u00e7\u00e3o e acompanhamento para todas as Unidades\t\t<\/div>\n\t\t\n\t\t<a class=\"elementor-post__read-more\" href=\"https:\/\/www.informasaoroque.com.br\/informasaoroque\/2026\/08\/21\/saude-de-sao-roque-promove-dia-d-de-vacinacao-neste-sabado\/\" aria-label=\"Leia mais sobre Sa\u00fade de S\u00e3o Roque Promove dia D de Vacina\u00e7\u00e3o neste s\u00e1bado\" tabindex=\"-1\" >\n\t\t\tLeia mais \u00bb\t\t<\/a>\n\n\t\t\t\t<\/div>\n\t\t\t\t<\/article>\n\t\t\t\t<article class=\"elementor-post elementor-grid-item post-37624 post type-post status-publish format-standard has-post-thumbnail hentry category-meio-ambiente category-noticias category-obras-infra-estrutura category-servicos\" role=\"listitem\">\n\t\t\t\t<a class=\"elementor-post__thumbnail__link\" href=\"https:\/\/www.informasaoroque.com.br\/informasaoroque\/2026\/08\/20\/cpfl-inicia-operacao-para-retirada-de-fios-irregulares-em-postes-de-sao-roque\/\" tabindex=\"-1\" >\n\t\t\t<div class=\"elementor-post__thumbnail\"><img loading=\"lazy\" decoding=\"async\" width=\"300\" height=\"157\" src=\"https:\/\/www.informasaoroque.com.br\/informasaoroque\/wp-content\/uploads\/2026\/08\/cpfl-faz-operacao-retirada-de-fios-irregulares-informasaoroque-300x157.jpeg\" class=\"attachment-medium size-medium wp-image-37626\" alt=\"\" srcset=\"https:\/\/www.informasaoroque.com.br\/informasaoroque\/wp-content\/uploads\/2026\/08\/cpfl-faz-operacao-retirada-de-fios-irregulares-informasaoroque-300x157.jpeg 300w, https:\/\/www.informasaoroque.com.br\/informasaoroque\/wp-content\/uploads\/2026\/08\/cpfl-faz-operacao-retirada-de-fios-irregulares-informasaoroque.jpeg 600w\" sizes=\"(max-width: 300px) 100vw, 300px\" \/><\/div>\n\t\t<\/a>\n\t\t\t\t<div class=\"elementor-post__text\">\n\t\t\t\t<h3 class=\"elementor-post__title\">\n\t\t\t<a href=\"https:\/\/www.informasaoroque.com.br\/informasaoroque\/2026\/08\/20\/cpfl-inicia-operacao-para-retirada-de-fios-irregulares-em-postes-de-sao-roque\/\" >\n\t\t\t\tCPFL inicia opera\u00e7\u00e3o para retirada de fios irregulares em postes de S\u00e3o Roque\t\t\t<\/a>\n\t\t<\/h3>\n\t\t\t\t<div class=\"elementor-post__meta-data\">\n\t\t\t\t\t<span class=\"elementor-post-author\">\n\t\t\tInforma S\u00e3o Roque\t\t<\/span>\n\t\t\t\t<span class=\"elementor-post-date\">\n\t\t\t20 de agosto de 2026\t\t<\/span>\n\t\t\t\t<\/div>\n\t\t\t\t<div class=\"elementor-post__excerpt\">\n\t\t\t<p>A CPFL, em parceria com concession\u00e1rias de telefonia e a Prefeitura de S\u00e3o Roque, iniciou nesta quarta-feira, dia 19, uma megaopera\u00e7\u00e3o para a retirada de fios soltos, cabos inutilizados e\t\t<\/div>\n\t\t\n\t\t<a class=\"elementor-post__read-more\" href=\"https:\/\/www.informasaoroque.com.br\/informasaoroque\/2026\/08\/20\/cpfl-inicia-operacao-para-retirada-de-fios-irregulares-em-postes-de-sao-roque\/\" aria-label=\"Leia mais sobre CPFL inicia opera\u00e7\u00e3o para retirada de fios irregulares em postes de S\u00e3o Roque\" tabindex=\"-1\" >\n\t\t\tLeia mais \u00bb\t\t<\/a>\n\n\t\t\t\t<\/div>\n\t\t\t\t<\/article>\n\t\t\t\t<article class=\"elementor-post elementor-grid-item post-37614 post type-post status-publish format-standard has-post-thumbnail hentry category-cultura category-noticias category-politica category-servicos\" role=\"listitem\">\n\t\t\t\t<a class=\"elementor-post__thumbnail__link\" href=\"https:\/\/www.informasaoroque.com.br\/informasaoroque\/2026\/08\/20\/novos-editais-da-pnab-sao-roque-estao-com-inscricoes-abertas-para-agentes-culturais\/\" tabindex=\"-1\" >\n\t\t\t<div class=\"elementor-post__thumbnail\"><img loading=\"lazy\" decoding=\"async\" width=\"300\" height=\"157\" src=\"https:\/\/www.informasaoroque.com.br\/informasaoroque\/wp-content\/uploads\/2026\/08\/edital-de-fomento-a-cultura-aldir-blanc-informasaoroque-300x157.jpeg\" class=\"attachment-medium size-medium wp-image-37616\" alt=\"\" srcset=\"https:\/\/www.informasaoroque.com.br\/informasaoroque\/wp-content\/uploads\/2026\/08\/edital-de-fomento-a-cultura-aldir-blanc-informasaoroque-300x157.jpeg 300w, https:\/\/www.informasaoroque.com.br\/informasaoroque\/wp-content\/uploads\/2026\/08\/edital-de-fomento-a-cultura-aldir-blanc-informasaoroque.jpeg 600w\" sizes=\"(max-width: 300px) 100vw, 300px\" \/><\/div>\n\t\t<\/a>\n\t\t\t\t<div class=\"elementor-post__text\">\n\t\t\t\t<h3 class=\"elementor-post__title\">\n\t\t\t<a href=\"https:\/\/www.informasaoroque.com.br\/informasaoroque\/2026\/08\/20\/novos-editais-da-pnab-sao-roque-estao-com-inscricoes-abertas-para-agentes-culturais\/\" >\n\t\t\t\tNovos editais da PNAB S\u00e3o Roque est\u00e3o com inscri\u00e7\u00f5es abertas para agentes culturais\t\t\t<\/a>\n\t\t<\/h3>\n\t\t\t\t<div class=\"elementor-post__meta-data\">\n\t\t\t\t\t<span class=\"elementor-post-author\">\n\t\t\tInforma S\u00e3o Roque\t\t<\/span>\n\t\t\t\t<span class=\"elementor-post-date\">\n\t\t\t20 de agosto de 2026\t\t<\/span>\n\t\t\t\t<\/div>\n\t\t\t\t<div class=\"elementor-post__excerpt\">\n\t\t\t<p>A Prefeitura de S\u00e3o Roque, por meio do Departamento de Cultura, publicou novos Editais de Premia\u00e7\u00e3o da Pol\u00edtica Nacional Aldir Blanc (PNAB). <\/p>\t\t<\/div>\n\t\t\n\t\t<a class=\"elementor-post__read-more\" href=\"https:\/\/www.informasaoroque.com.br\/informasaoroque\/2026\/08\/20\/novos-editais-da-pnab-sao-roque-estao-com-inscricoes-abertas-para-agentes-culturais\/\" aria-label=\"Leia mais sobre Novos editais da PNAB S\u00e3o Roque est\u00e3o com inscri\u00e7\u00f5es abertas para agentes culturais\" tabindex=\"-1\" >\n\t\t\tLeia mais \u00bb\t\t<\/a>\n\n\t\t\t\t<\/div>\n\t\t\t\t<\/article>\n\t\t\t\t<article class=\"elementor-post elementor-grid-item post-37597 post type-post status-publish format-standard has-post-thumbnail hentry category-esportes category-lazer category-noticias\" role=\"listitem\">\n\t\t\t\t<a class=\"elementor-post__thumbnail__link\" href=\"https:\/\/www.informasaoroque.com.br\/informasaoroque\/2026\/08\/19\/jogando-junto-leva-sao-roque-ao-podio-no-3o-festival-filhos-de-aruande-de-capoeira\/\" tabindex=\"-1\" >\n\t\t\t<div class=\"elementor-post__thumbnail\"><img loading=\"lazy\" decoding=\"async\" width=\"300\" height=\"157\" src=\"https:\/\/www.informasaoroque.com.br\/informasaoroque\/wp-content\/uploads\/2026\/08\/capoeira-programa-jogando-junto-e-grupo-abolicao-no-festival-filhos-de-aruande-informasaoroque-300x157.jpeg\" class=\"attachment-medium size-medium wp-image-37605\" alt=\"\" srcset=\"https:\/\/www.informasaoroque.com.br\/informasaoroque\/wp-content\/uploads\/2026\/08\/capoeira-programa-jogando-junto-e-grupo-abolicao-no-festival-filhos-de-aruande-informasaoroque-300x157.jpeg 300w, https:\/\/www.informasaoroque.com.br\/informasaoroque\/wp-content\/uploads\/2026\/08\/capoeira-programa-jogando-junto-e-grupo-abolicao-no-festival-filhos-de-aruande-informasaoroque.jpeg 600w\" sizes=\"(max-width: 300px) 100vw, 300px\" \/><\/div>\n\t\t<\/a>\n\t\t\t\t<div class=\"elementor-post__text\">\n\t\t\t\t<h3 class=\"elementor-post__title\">\n\t\t\t<a href=\"https:\/\/www.informasaoroque.com.br\/informasaoroque\/2026\/08\/19\/jogando-junto-leva-sao-roque-ao-podio-no-3o-festival-filhos-de-aruande-de-capoeira\/\" >\n\t\t\t\tJogando Junto leva S\u00e3o Roque ao p\u00f3dio no 3\u00ba Festival Filhos de Aruand\u00ea de Capoeira\t\t\t<\/a>\n\t\t<\/h3>\n\t\t\t\t<div class=\"elementor-post__meta-data\">\n\t\t\t\t\t<span class=\"elementor-post-author\">\n\t\t\tInforma S\u00e3o Roque\t\t<\/span>\n\t\t\t\t<span class=\"elementor-post-date\">\n\t\t\t19 de agosto de 2026\t\t<\/span>\n\t\t\t\t<\/div>\n\t\t\t\t<div class=\"elementor-post__excerpt\">\n\t\t\t<p>Os alunos do Programa Jogando Junto e do Grupo Ginga Aboli\u00e7\u00e3o fizeram bonito no 3\u00ba Festival Filhos de Aruand\u00ea de Capoeira, realizado no dia 25 de julho, em Diadema. O\t\t<\/div>\n\t\t\n\t\t<a class=\"elementor-post__read-more\" href=\"https:\/\/www.informasaoroque.com.br\/informasaoroque\/2026\/08\/19\/jogando-junto-leva-sao-roque-ao-podio-no-3o-festival-filhos-de-aruande-de-capoeira\/\" aria-label=\"Leia mais sobre Jogando Junto leva S\u00e3o Roque ao p\u00f3dio no 3\u00ba Festival Filhos de Aruand\u00ea de Capoeira\" tabindex=\"-1\" >\n\t\t\tLeia mais \u00bb\t\t<\/a>\n\n\t\t\t\t<\/div>\n\t\t\t\t<\/article>\n\t\t\t\t<article class=\"elementor-post elementor-grid-item post-37584 post type-post status-publish format-standard has-post-thumbnail hentry category-educacao category-meio-ambiente category-noticias category-saude\" role=\"listitem\">\n\t\t\t\t<a class=\"elementor-post__thumbnail__link\" href=\"https:\/\/www.informasaoroque.com.br\/informasaoroque\/2026\/08\/17\/mutirao-oftalmologico-atende-alunos-da-rede-municipal\/\" tabindex=\"-1\" >\n\t\t\t<div class=\"elementor-post__thumbnail\"><img loading=\"lazy\" decoding=\"async\" width=\"300\" height=\"157\" src=\"https:\/\/www.informasaoroque.com.br\/informasaoroque\/wp-content\/uploads\/2026\/08\/mutirao-oftalmologico-na-rede-municipal-de-ensino-informasaoroque-300x157.jpeg\" class=\"attachment-medium size-medium wp-image-37586\" alt=\"\" srcset=\"https:\/\/www.informasaoroque.com.br\/informasaoroque\/wp-content\/uploads\/2026\/08\/mutirao-oftalmologico-na-rede-municipal-de-ensino-informasaoroque-300x157.jpeg 300w, https:\/\/www.informasaoroque.com.br\/informasaoroque\/wp-content\/uploads\/2026\/08\/mutirao-oftalmologico-na-rede-municipal-de-ensino-informasaoroque.jpeg 600w\" sizes=\"(max-width: 300px) 100vw, 300px\" \/><\/div>\n\t\t<\/a>\n\t\t\t\t<div class=\"elementor-post__text\">\n\t\t\t\t<h3 class=\"elementor-post__title\">\n\t\t\t<a href=\"https:\/\/www.informasaoroque.com.br\/informasaoroque\/2026\/08\/17\/mutirao-oftalmologico-atende-alunos-da-rede-municipal\/\" >\n\t\t\t\tMutir\u00e3o Oftalmol\u00f3gico atende alunos da rede municipal\t\t\t<\/a>\n\t\t<\/h3>\n\t\t\t\t<div class=\"elementor-post__meta-data\">\n\t\t\t\t\t<span class=\"elementor-post-author\">\n\t\t\tInforma S\u00e3o Roque\t\t<\/span>\n\t\t\t\t<span class=\"elementor-post-date\">\n\t\t\t17 de agosto de 2026\t\t<\/span>\n\t\t\t\t<\/div>\n\t\t\t\t<div class=\"elementor-post__excerpt\">\n\t\t\t<p>O Departamento de Sa\u00fade de S\u00e3o Roque iniciou, na \u00faltima segunda-feira, 10 de agosto, um grande Mutir\u00e3o Oftalmol\u00f3gico voltado aos alunos do 1\u00ba ao 5\u00ba ano da rede municipal de\t\t<\/div>\n\t\t\n\t\t<a class=\"elementor-post__read-more\" href=\"https:\/\/www.informasaoroque.com.br\/informasaoroque\/2026\/08\/17\/mutirao-oftalmologico-atende-alunos-da-rede-municipal\/\" aria-label=\"Leia mais sobre Mutir\u00e3o Oftalmol\u00f3gico atende alunos da rede municipal\" tabindex=\"-1\" >\n\t\t\tLeia mais \u00bb\t\t<\/a>\n\n\t\t\t\t<\/div>\n\t\t\t\t<\/article>\n\t\t\t\t<article class=\"elementor-post elementor-grid-item post-37565 post type-post status-publish format-standard has-post-thumbnail hentry category-eventos category-lazer category-noticias\" role=\"listitem\">\n\t\t\t\t<a class=\"elementor-post__thumbnail__link\" href=\"https:\/\/www.informasaoroque.com.br\/informasaoroque\/2026\/08\/14\/ultima-fim-de-semana-do-viva-sao-roque-traz-maneva-e-xande-de-pilares\/\" tabindex=\"-1\" >\n\t\t\t<div class=\"elementor-post__thumbnail\"><img loading=\"lazy\" decoding=\"async\" width=\"300\" height=\"159\" src=\"https:\/\/www.informasaoroque.com.br\/informasaoroque\/wp-content\/uploads\/2026\/07\/programacao-viva-sao-roque-2026-sexta-edicao-informasaoroque-300x159.jpeg\" class=\"attachment-medium size-medium wp-image-37394\" alt=\"\" srcset=\"https:\/\/www.informasaoroque.com.br\/informasaoroque\/wp-content\/uploads\/2026\/07\/programacao-viva-sao-roque-2026-sexta-edicao-informasaoroque-300x159.jpeg 300w, https:\/\/www.informasaoroque.com.br\/informasaoroque\/wp-content\/uploads\/2026\/07\/programacao-viva-sao-roque-2026-sexta-edicao-informasaoroque.jpeg 600w\" sizes=\"(max-width: 300px) 100vw, 300px\" \/><\/div>\n\t\t<\/a>\n\t\t\t\t<div class=\"elementor-post__text\">\n\t\t\t\t<h3 class=\"elementor-post__title\">\n\t\t\t<a href=\"https:\/\/www.informasaoroque.com.br\/informasaoroque\/2026\/08\/14\/ultima-fim-de-semana-do-viva-sao-roque-traz-maneva-e-xande-de-pilares\/\" >\n\t\t\t\t\u00daltimo fim de semana do Viva S\u00e3o Roque traz Maneva e Xande de Pilares\t\t\t<\/a>\n\t\t<\/h3>\n\t\t\t\t<div class=\"elementor-post__meta-data\">\n\t\t\t\t\t<span class=\"elementor-post-author\">\n\t\t\tInforma S\u00e3o Roque\t\t<\/span>\n\t\t\t\t<span class=\"elementor-post-date\">\n\t\t\t14 de agosto de 2026\t\t<\/span>\n\t\t\t\t<\/div>\n\t\t\t\t<div class=\"elementor-post__excerpt\">\n\t\t\t<p>O Viva S\u00e3o Roque termina neste domingo, dia 16, mas o evento ainda reserva grandes apresenta\u00e7\u00f5es para a popula\u00e7\u00e3o e os visitantes da regi\u00e3o. <\/p>\t\t<\/div>\n\t\t\n\t\t<a class=\"elementor-post__read-more\" href=\"https:\/\/www.informasaoroque.com.br\/informasaoroque\/2026\/08\/14\/ultima-fim-de-semana-do-viva-sao-roque-traz-maneva-e-xande-de-pilares\/\" aria-label=\"Leia mais sobre \u00daltimo fim de semana do Viva S\u00e3o Roque traz Maneva e Xande de Pilares\" tabindex=\"-1\" >\n\t\t\tLeia mais \u00bb\t\t<\/a>\n\n\t\t\t\t<\/div>\n\t\t\t\t<\/article>\n\t\t\t\t<article class=\"elementor-post elementor-grid-item post-37524 post type-post status-publish format-standard has-post-thumbnail hentry category-cultura category-meio-ambiente category-noticias category-politica\" role=\"listitem\">\n\t\t\t\t<a class=\"elementor-post__thumbnail__link\" href=\"https:\/\/www.informasaoroque.com.br\/informasaoroque\/2026\/08\/12\/sao-roque-tem-pratica-reconhecida-entre-as-mais-inspiradoras-do-estado-de-sao-paulo-no-atendimento-a-pessoa-idosa\/\" tabindex=\"-1\" >\n\t\t\t<div class=\"elementor-post__thumbnail\"><img loading=\"lazy\" decoding=\"async\" width=\"300\" height=\"157\" src=\"https:\/\/www.informasaoroque.com.br\/informasaoroque\/wp-content\/uploads\/2026\/08\/coletanea-de-praticas-inspiradoras-em-envelhecimento-informasaoroque-300x157.jpeg\" class=\"attachment-medium size-medium wp-image-37535\" alt=\"\" srcset=\"https:\/\/www.informasaoroque.com.br\/informasaoroque\/wp-content\/uploads\/2026\/08\/coletanea-de-praticas-inspiradoras-em-envelhecimento-informasaoroque-300x157.jpeg 300w, https:\/\/www.informasaoroque.com.br\/informasaoroque\/wp-content\/uploads\/2026\/08\/coletanea-de-praticas-inspiradoras-em-envelhecimento-informasaoroque.jpeg 600w\" sizes=\"(max-width: 300px) 100vw, 300px\" \/><\/div>\n\t\t<\/a>\n\t\t\t\t<div class=\"elementor-post__text\">\n\t\t\t\t<h3 class=\"elementor-post__title\">\n\t\t\t<a href=\"https:\/\/www.informasaoroque.com.br\/informasaoroque\/2026\/08\/12\/sao-roque-tem-pratica-reconhecida-entre-as-mais-inspiradoras-do-estado-de-sao-paulo-no-atendimento-a-pessoa-idosa\/\" >\n\t\t\t\tS\u00e3o Roque tem pr\u00e1tica reconhecida entre as mais inspiradoras do Estado de S\u00e3o Paulo no atendimento \u00e0 pessoa idosa\t\t\t<\/a>\n\t\t<\/h3>\n\t\t\t\t<div class=\"elementor-post__meta-data\">\n\t\t\t\t\t<span class=\"elementor-post-author\">\n\t\t\tInforma S\u00e3o Roque\t\t<\/span>\n\t\t\t\t<span class=\"elementor-post-date\">\n\t\t\t12 de agosto de 2026\t\t<\/span>\n\t\t\t\t<\/div>\n\t\t\t\t<div class=\"elementor-post__excerpt\">\n\t\t\t<p>S\u00e3o Roque conquistou um importante reconhecimento estadual ao ter uma de suas experi\u00eancias selecionada para compor a Colet\u00e2nea de Boas Pr\u00e1ticas Inspiradoras em Envelhecimento.<\/p>\t\t<\/div>\n\t\t\n\t\t<a class=\"elementor-post__read-more\" href=\"https:\/\/www.informasaoroque.com.br\/informasaoroque\/2026\/08\/12\/sao-roque-tem-pratica-reconhecida-entre-as-mais-inspiradoras-do-estado-de-sao-paulo-no-atendimento-a-pessoa-idosa\/\" aria-label=\"Leia mais sobre S\u00e3o Roque tem pr\u00e1tica reconhecida entre as mais inspiradoras do Estado de S\u00e3o Paulo no atendimento \u00e0 pessoa idosa\" tabindex=\"-1\" >\n\t\t\tLeia mais \u00bb\t\t<\/a>\n\n\t\t\t\t<\/div>\n\t\t\t\t<\/article>\n\t\t\t\t<\/div>\n\t\t\n\t\t\t\t\t\t<\/div>\n\t\t\t\t<\/div>\n\t\t\t\t\t<\/div>\n\t\t<\/div>\n\t\t\t\t\t<\/div>\n\t\t<\/section>\n\t\t<div class=\"elementor-element elementor-element-117cd4e e-flex e-con-boxed e-con e-parent\" data-id=\"117cd4e\" data-element_type=\"container\" data-e-type=\"container\" data-settings=\"{&quot;background_background&quot;:&quot;classic&quot;}\">\n\t\t\t\t\t<div class=\"e-con-inner\">\n\t\t<div class=\"elementor-element elementor-element-20558802 e-con-full e-flex e-con e-child\" data-id=\"20558802\" data-element_type=\"container\" data-e-type=\"container\">\n\t\t\t\t<div class=\"elementor-element elementor-element-389deecf elementor-widget elementor-widget-image\" data-id=\"389deecf\" data-element_type=\"widget\" data-e-type=\"widget\" data-widget_type=\"image.default\">\n\t\t\t\t<div class=\"elementor-widget-container\">\n\t\t\t\t\t\t\t\t\t\t\t\t<figure class=\"wp-caption\">\n\t\t\t\t\t\t\t\t\t\t<img loading=\"lazy\" decoding=\"async\" width=\"188\" height=\"138\" src=\"https:\/\/www.informasaoroque.com.br\/informasaoroque\/wp-content\/uploads\/2022\/02\/cropped-cropped-logo.jpg\" class=\"attachment-medium size-medium wp-image-7521\" alt=\"\" \/>\t\t\t\t\t\t\t\t\t\t\t<figcaption class=\"widget-image-caption wp-caption-text\">Informa\u00e7\u00e3o &amp; Cultura em Revista<\/figcaption>\n\t\t\t\t\t\t\t\t\t\t<\/figure>\n\t\t\t\t\t\t\t\t\t<\/div>\n\t\t\t\t<\/div>\n\t\t\t\t<\/div>\n\t\t<div class=\"elementor-element elementor-element-5a086511 e-con-full e-flex e-con e-child\" data-id=\"5a086511\" data-element_type=\"container\" data-e-type=\"container\">\n\t\t\t\t<div class=\"elementor-element elementor-element-36278603 elementor-widget elementor-widget-template\" data-id=\"36278603\" data-element_type=\"widget\" data-e-type=\"widget\" data-widget_type=\"template.default\">\n\t\t\t\t<div class=\"elementor-widget-container\">\n\t\t\t\t\t\t\t<div class=\"elementor-template\">\n\t\t\t\t\t<div data-elementor-type=\"section\" data-elementor-id=\"2154\" class=\"elementor elementor-2154\" data-elementor-post-type=\"elementor_library\">\n\t\t\t\t\t<section class=\"elementor-section elementor-top-section elementor-element elementor-element-78c681aa elementor-section-boxed elementor-section-height-default elementor-section-height-default\" data-id=\"78c681aa\" data-element_type=\"section\" data-e-type=\"section\">\n\t\t\t\t\t\t<div class=\"elementor-container elementor-column-gap-default\">\n\t\t\t\t\t<div class=\"elementor-column elementor-col-100 elementor-top-column elementor-element elementor-element-1c04dfec\" data-id=\"1c04dfec\" data-element_type=\"column\" data-e-type=\"column\">\n\t\t\t<div class=\"elementor-widget-wrap elementor-element-populated\">\n\t\t\t\t\t\t<div class=\"elementor-element elementor-element-723bb341 uael-nav-menu__align-center uael-submenu-open-hover uael-submenu-icon-arrow uael-submenu-animation-none uael-link-redirect-child uael-nav-menu__breakpoint-tablet uael-nav-menu-toggle-label-no elementor-widget elementor-widget-uael-nav-menu\" data-id=\"723bb341\" data-element_type=\"widget\" data-e-type=\"widget\" data-settings=\"{&quot;distance_from_menu&quot;:{&quot;unit&quot;:&quot;px&quot;,&quot;size&quot;:&quot;&quot;,&quot;sizes&quot;:[]},&quot;distance_from_menu_tablet&quot;:{&quot;unit&quot;:&quot;px&quot;,&quot;size&quot;:&quot;&quot;,&quot;sizes&quot;:[]},&quot;distance_from_menu_mobile&quot;:{&quot;unit&quot;:&quot;px&quot;,&quot;size&quot;:&quot;&quot;,&quot;sizes&quot;:[]}}\" data-widget_type=\"uael-nav-menu.default\">\n\t\t\t\t<div class=\"elementor-widget-container\">\n\t\t\t\t\t\t\t<div class=\"uael-nav-menu uael-layout-horizontal uael-nav-menu-layout uael-pointer__none\" data-layout=\"horizontal\">\n\t\t\t\t<div role=\"button\" class=\"uael-nav-menu__toggle elementor-clickable\">\n\t\t\t\t\t<span class=\"screen-reader-text\">Main Menu<\/span>\n\t\t\t\t\t<div class=\"uael-nav-menu-icon\">\n\t\t\t\t\t\t<i aria-hidden=\"true\" class=\"fas fa-align-justify\"><\/i>\t\t\t\t\t<\/div>\n\t\t\t\t\t\t\t\t\t<\/div>\n\t\t\t\t\t\t\t<nav class=\"uael-nav-menu__layout-horizontal uael-nav-menu__submenu-arrow\" data-toggle-icon=\"&lt;i aria-hidden=&quot;true&quot; class=&quot;fas fa-align-justify&quot;&gt;&lt;\/i&gt;\" data-close-icon=\"&lt;i aria-hidden=&quot;true&quot; class=&quot;far fa-window-close&quot;&gt;&lt;\/i&gt;\" data-full-width=\"yes\"><ul id=\"menu-1-723bb341\" class=\"uael-nav-menu\"><li id=\"menu-item-3237\" class=\"menu-item menu-item-type-custom menu-item-object-custom menu-item-has-children parent uael-has-submenu uael-creative-menu\"><div class=\"uael-has-submenu-container\"><a href=\"https:\/\/www.tudoinsaoroque.com.br\/categoria-produto\/tudo-em-saoroque\/papelcom\/\" class = \"uael-menu-item\">PAPELARIA<span class='uael-menu-toggle sub-arrow uael-menu-child-0'><i class='fa'><\/i><\/span><\/a><\/div>\n<ul class=\"sub-menu\">\n\t<li id=\"menu-item-3251\" class=\"menu-item menu-item-type-custom menu-item-object-custom uael-creative-menu\"><a href=\"https:\/\/www.tudoinsaoroque.com.br\/categoria-produto\/tudo-em-saoroque\/papelcom\/escolar\/\" class = \"uael-sub-menu-item\">Materiais Escolares<\/a><\/li>\n\t<li id=\"menu-item-3252\" class=\"menu-item menu-item-type-custom menu-item-object-custom uael-creative-menu\"><a href=\"https:\/\/www.tudoinsaoroque.com.br\/categoria-produto\/tudo-em-saoroque\/papelcom\/escritorio\/\" class = \"uael-sub-menu-item\">Materiais de Escrit\u00f3rio<\/a><\/li>\n\t<li id=\"menu-item-3254\" class=\"menu-item menu-item-type-custom menu-item-object-custom uael-creative-menu\"><a href=\"https:\/\/www.tudoinsaoroque.com.br\/categoria-produto\/tudo-em-saoroque\/papelcom\/embalagens-presentes\/\" class = \"uael-sub-menu-item\">Presentes &#038; Embalagens<\/a><\/li>\n\t<li id=\"menu-item-3253\" class=\"menu-item menu-item-type-custom menu-item-object-custom uael-creative-menu\"><a href=\"https:\/\/www.tudoinsaoroque.com.br\/categoria-produto\/tudo-em-saoroque\/papelcom\/descartaveis-papec\/\" class = \"uael-sub-menu-item\">Embalagens &#038; Descartaveis<\/a><\/li>\n<\/ul>\n<\/li>\n<li id=\"menu-item-3238\" class=\"menu-item menu-item-type-custom menu-item-object-custom menu-item-has-children parent uael-has-submenu uael-creative-menu\"><div class=\"uael-has-submenu-container\"><a href=\"https:\/\/www.tudoinsaoroque.com.br\/categoria-produto\/tudo-em-saoroque\/limpeza-higienizacao-e-descartaveis\/\" class = \"uael-menu-item\">PRODUTOS DE LIMPEZA<span class='uael-menu-toggle sub-arrow uael-menu-child-0'><i class='fa'><\/i><\/span><\/a><\/div>\n<ul class=\"sub-menu\">\n\t<li id=\"menu-item-3255\" class=\"menu-item menu-item-type-custom menu-item-object-custom uael-creative-menu\"><a href=\"https:\/\/www.tudoinsaoroque.com.br\/categoria-produto\/tudo-em-saoroque\/limpeza-higienizacao-e-descartaveis\/limpeza\/\" class = \"uael-sub-menu-item\">Produtos de Limpeza<\/a><\/li>\n\t<li id=\"menu-item-3256\" class=\"menu-item menu-item-type-custom menu-item-object-custom uael-creative-menu\"><a href=\"https:\/\/www.tudoinsaoroque.com.br\/categoria-produto\/tudo-em-saoroque\/limpeza-higienizacao-e-descartaveis\/ferramentas-limpeza-higienizacao-e-descartaveis\/\" class = \"uael-sub-menu-item\">Ferramentas de Limpeza<\/a><\/li>\n\t<li id=\"menu-item-3257\" class=\"menu-item menu-item-type-custom menu-item-object-custom uael-creative-menu\"><a href=\"https:\/\/www.tudoinsaoroque.com.br\/categoria-produto\/tudo-em-saoroque\/limpeza-higienizacao-e-descartaveis\/ferramentas-limpeza-higienizacao-e-descartaveis\/\" class = \"uael-sub-menu-item\">Equipamentos para Limpeza<\/a><\/li>\n\t<li id=\"menu-item-3258\" class=\"menu-item menu-item-type-custom menu-item-object-custom uael-creative-menu\"><a href=\"https:\/\/www.tudoinsaoroque.com.br\/categoria-produto\/tudo-em-saoroque\/limpeza-higienizacao-e-descartaveis\/descartaveis\/\" class = \"uael-sub-menu-item\">Embalagens &#038; Descart\u00e1veis<\/a><\/li>\n<\/ul>\n<\/li>\n<li id=\"menu-item-3239\" class=\"menu-item menu-item-type-custom menu-item-object-custom menu-item-has-children parent uael-has-submenu uael-creative-menu\"><div class=\"uael-has-submenu-container\"><a href=\"https:\/\/www.tudoinsaoroque.com.br\/categoria-produto\/tudo-em-saoroque\/restaurante\/\" class = \"uael-menu-item\">RESTAURANTES<span class='uael-menu-toggle sub-arrow uael-menu-child-0'><i class='fa'><\/i><\/span><\/a><\/div>\n<ul class=\"sub-menu\">\n\t<li id=\"menu-item-3259\" class=\"menu-item menu-item-type-custom menu-item-object-custom uael-creative-menu\"><a href=\"https:\/\/www.tudoinsaoroque.com.br\/categoria-produto\/tudo-em-saoroque\/limpeza-higienizacao-e-descartaveis\/descartaveis\/\" class = \"uael-sub-menu-item\">Pratos Expressos<\/a><\/li>\n\t<li id=\"menu-item-3260\" class=\"menu-item menu-item-type-custom menu-item-object-custom uael-creative-menu\"><a href=\"https:\/\/www.tudoinsaoroque.com.br\/categoria-produto\/tudo-em-saoroque\/restaurante\/pratos-comerciais\/\" class = \"uael-sub-menu-item\">Pratos Comerciais<\/a><\/li>\n\t<li id=\"menu-item-3261\" class=\"menu-item menu-item-type-custom menu-item-object-custom uael-creative-menu\"><a href=\"https:\/\/www.tudoinsaoroque.com.br\/categoria-produto\/tudo-em-saoroque\/restaurante\/lanches\/\" class = \"uael-sub-menu-item\">Lanches<\/a><\/li>\n\t<li id=\"menu-item-3262\" class=\"menu-item menu-item-type-custom menu-item-object-custom uael-creative-menu\"><a href=\"https:\/\/www.tudoinsaoroque.com.br\/categoria-produto\/tudo-em-saoroque\/restaurante\/beirutes\/\" class = \"uael-sub-menu-item\">Beirutes<\/a><\/li>\n\t<li id=\"menu-item-3263\" class=\"menu-item menu-item-type-custom menu-item-object-custom uael-creative-menu\"><a href=\"https:\/\/www.tudoinsaoroque.com.br\/categoria-produto\/tudo-em-saoroque\/restaurante\/panquecas\/\" class = \"uael-sub-menu-item\">Panquecas<\/a><\/li>\n\t<li id=\"menu-item-3264\" class=\"menu-item menu-item-type-custom menu-item-object-custom uael-creative-menu\"><a href=\"https:\/\/www.tudoinsaoroque.com.br\/categoria-produto\/tudo-em-saoroque\/restaurante\/tapiocas\/\" class = \"uael-sub-menu-item\">Tapiocas<\/a><\/li>\n\t<li id=\"menu-item-3265\" class=\"menu-item menu-item-type-custom menu-item-object-custom uael-creative-menu\"><a href=\"https:\/\/www.tudoinsaoroque.com.br\/categoria-produto\/tudo-em-saoroque\/restaurante\/salgados\/\" class = \"uael-sub-menu-item\">Salgados<\/a><\/li>\n\t<li id=\"menu-item-3266\" class=\"menu-item menu-item-type-custom menu-item-object-custom uael-creative-menu\"><a href=\"https:\/\/www.tudoinsaoroque.com.br\/categoria-produto\/tudo-em-saoroque\/restaurante\/pasteis\/\" class = \"uael-sub-menu-item\">Past\u00e9is<\/a><\/li>\n\t<li id=\"menu-item-3267\" class=\"menu-item menu-item-type-custom menu-item-object-custom uael-creative-menu\"><a href=\"https:\/\/www.tudoinsaoroque.com.br\/categoria-produto\/tudo-em-saoroque\/restaurante\/saladas\/\" class = \"uael-sub-menu-item\">Saladas<\/a><\/li>\n\t<li id=\"menu-item-3268\" class=\"menu-item menu-item-type-custom menu-item-object-custom uael-creative-menu\"><a href=\"https:\/\/www.tudoinsaoroque.com.br\/categoria-produto\/tudo-em-saoroque\/restaurante\/bebidas\/\" class = \"uael-sub-menu-item\">Bebidas<\/a><\/li>\n<\/ul>\n<\/li>\n<li id=\"menu-item-3240\" class=\"menu-item menu-item-type-custom menu-item-object-custom menu-item-has-children parent uael-has-submenu uael-creative-menu\"><div class=\"uael-has-submenu-container\"><a href=\"https:\/\/www.tudoinsaoroque.com.br\/categoria-produto\/tudo-em-saoroque\/sapatos-roupas\/\" class = \"uael-menu-item\">LOJAS EM GERAL<span class='uael-menu-toggle sub-arrow uael-menu-child-0'><i class='fa'><\/i><\/span><\/a><\/div>\n<ul class=\"sub-menu\">\n\t<li id=\"menu-item-3269\" class=\"menu-item menu-item-type-custom menu-item-object-custom uael-creative-menu\"><a href=\"https:\/\/www.tudoinsaoroque.com.br\/categoria-produto\/tudo-em-saoroque\/sapatos-roupas\/roupas-infantis\/\" class = \"uael-sub-menu-item\">Moda Infantil<\/a><\/li>\n\t<li id=\"menu-item-3270\" class=\"menu-item menu-item-type-custom menu-item-object-custom uael-creative-menu\"><a href=\"https:\/\/www.tudoinsaoroque.com.br\/categoria-produto\/tudo-em-saoroque\/sapatos-roupas\/roupas\/\" class = \"uael-sub-menu-item\">Moda Feminina<\/a><\/li>\n\t<li id=\"menu-item-3271\" class=\"menu-item menu-item-type-custom menu-item-object-custom uael-creative-menu\"><a href=\"https:\/\/www.tudoinsaoroque.com.br\/categoria-produto\/tudo-em-saoroque\/sapatos-roupas\/moda-masculina\/\" class = \"uael-sub-menu-item\">Moda Masculina<\/a><\/li>\n\t<li id=\"menu-item-3272\" class=\"menu-item menu-item-type-custom menu-item-object-custom uael-creative-menu\"><a href=\"https:\/\/www.tudoinsaoroque.com.br\/categoria-produto\/tudo-em-saoroque\/sapatos-roupas\/sapatos\/\" class = \"uael-sub-menu-item\">Cal\u00e7ados &#038; Acess\u00f3rios<\/a><\/li>\n\t<li id=\"menu-item-3273\" class=\"menu-item menu-item-type-custom menu-item-object-custom uael-creative-menu\"><a href=\"https:\/\/www.tudoinsaoroque.com.br\/categoria-produto\/tudo-em-saoroque\/sapatos-roupas\/loja-moveis\/\" class = \"uael-sub-menu-item\">M\u00f3veis &#038; Eletrodom\u00e9sticos<\/a><\/li>\n\t<li id=\"menu-item-3274\" class=\"menu-item menu-item-type-custom menu-item-object-custom uael-creative-menu\"><a href=\"https:\/\/www.tudoinsaoroque.com.br\/categoria-produto\/tudo-em-saoroque\/sapatos-roupas\/cosmeticos-perfumarias\/\" class = \"uael-sub-menu-item\">Cosm\u00e9ticos &#038; Perfumarias<\/a><\/li>\n\t<li id=\"menu-item-3275\" class=\"menu-item menu-item-type-custom menu-item-object-custom uael-creative-menu\"><a href=\"https:\/\/www.tudoinsaoroque.com.br\/categoria-produto\/tudo-em-saoroque\/sapatos-roupas\/armarinhos\/\" class = \"uael-sub-menu-item\">Armarinhos &#038; Aviamentos<\/a><\/li>\n<\/ul>\n<\/li>\n<li id=\"menu-item-3242\" class=\"menu-item menu-item-type-custom menu-item-object-custom menu-item-has-children parent uael-has-submenu uael-creative-menu\"><div class=\"uael-has-submenu-container\"><a href=\"https:\/\/www.tudoinsaoroque.com.br\/categoria-produto\/tudo-em-saoroque\/informatica\/\" class = \"uael-menu-item\">COMPUTADORES &#038; INFORM\u00c1TICA<span class='uael-menu-toggle sub-arrow uael-menu-child-0'><i class='fa'><\/i><\/span><\/a><\/div>\n<ul class=\"sub-menu\">\n\t<li id=\"menu-item-3281\" class=\"menu-item menu-item-type-custom menu-item-object-custom uael-creative-menu\"><a href=\"https:\/\/www.tudoinsaoroque.com.br\/categoria-produto\/tudo-em-saoroque\/informatica\/computadores\/\" class = \"uael-sub-menu-item\">Computadores &#038; Dispositivos<\/a><\/li>\n\t<li id=\"menu-item-3280\" class=\"menu-item menu-item-type-custom menu-item-object-custom uael-creative-menu\"><a href=\"https:\/\/www.tudoinsaoroque.com.br\/categoria-produto\/tudo-em-saoroque\/informatica\/acessorios-suprimentos\/\" class = \"uael-sub-menu-item\">Acess\u00f3rios &#038; Suprimentos<\/a><\/li>\n<\/ul>\n<\/li>\n<li id=\"menu-item-3241\" class=\"menu-item menu-item-type-custom menu-item-object-custom menu-item-has-children parent uael-has-submenu uael-creative-menu\"><div class=\"uael-has-submenu-container\"><a href=\"https:\/\/www.tudoinsaoroque.com.br\/categoria-produto\/tudo-em-saoroque\/joias-acessorios\/\" class = \"uael-menu-item\">ACESS\u00d3RIOS DE MODA<span class='uael-menu-toggle sub-arrow uael-menu-child-0'><i class='fa'><\/i><\/span><\/a><\/div>\n<ul class=\"sub-menu\">\n\t<li id=\"menu-item-3276\" class=\"menu-item menu-item-type-custom menu-item-object-custom uael-creative-menu\"><a href=\"https:\/\/www.tudoinsaoroque.com.br\/categoria-produto\/tudo-em-saoroque\/joias-acessorios\/bijuterias\/\" class = \"uael-sub-menu-item\">J\u00f3ias &#038; Bijuterias<\/a><\/li>\n\t<li id=\"menu-item-3277\" class=\"menu-item menu-item-type-custom menu-item-object-custom uael-creative-menu\"><a href=\"https:\/\/www.tudoinsaoroque.com.br\/categoria-produto\/tudo-em-saoroque\/joias-acessorios\/malas-bolsas\/\" class = \"uael-sub-menu-item\">Bolsas &#038; Malas<\/a><\/li>\n\t<li id=\"menu-item-3279\" class=\"menu-item menu-item-type-custom menu-item-object-custom uael-creative-menu\"><a href=\"https:\/\/www.tudoinsaoroque.com.br\/categoria-produto\/tudo-em-saoroque\/saude_produtos\/higiene-cosmeticos\/\" class = \"uael-sub-menu-item\">Cosm\u00e9ticos &#038; Perfumaria<\/a><\/li>\n\t<li id=\"menu-item-3278\" class=\"menu-item menu-item-type-custom menu-item-object-custom uael-creative-menu\"><a href=\"https:\/\/www.tudoinsaoroque.com.br\/categoria-produto\/tudo-em-saoroque\/joias-acessorios\/relogios\/\" class = \"uael-sub-menu-item\">Rel\u00f3gios \/ Cintos &#038; Carteiras<\/a><\/li>\n<\/ul>\n<\/li>\n<li id=\"menu-item-3243\" class=\"menu-item menu-item-type-custom menu-item-object-custom menu-item-has-children parent uael-has-submenu uael-creative-menu\"><div class=\"uael-has-submenu-container\"><a href=\"https:\/\/www.tudoinsaoroque.com.br\/categoria-produto\/tudo-em-saoroque\/petshop\/\" class = \"uael-menu-item\">PETSHOPS<span class='uael-menu-toggle sub-arrow uael-menu-child-0'><i class='fa'><\/i><\/span><\/a><\/div>\n<ul class=\"sub-menu\">\n\t<li id=\"menu-item-3282\" class=\"menu-item menu-item-type-custom menu-item-object-custom uael-creative-menu\"><a href=\"https:\/\/www.tudoinsaoroque.com.br\/categoria-produto\/tudo-em-saoroque\/petshop\/racoes\/\" class = \"uael-sub-menu-item\">Ra\u00e7\u00f5es &#038; Petiscos<\/a><\/li>\n\t<li id=\"menu-item-3283\" class=\"menu-item menu-item-type-custom menu-item-object-custom uael-creative-menu\"><a href=\"https:\/\/www.tudoinsaoroque.com.br\/categoria-produto\/tudo-em-saoroque\/petshop\/acessorios-petshop\/\" class = \"uael-sub-menu-item\">Acess\u00f3rios &#038; Produtos<\/a><\/li>\n\t<li id=\"menu-item-3284\" class=\"menu-item menu-item-type-custom menu-item-object-custom uael-creative-menu\"><a href=\"https:\/\/www.tudoinsaoroque.com.br\/categoria-produto\/tudo-em-saoroque\/petshop\/ferramentas\/\" class = \"uael-sub-menu-item\">Ferramentas Petshop<\/a><\/li>\n<\/ul>\n<\/li>\n<li id=\"menu-item-3244\" class=\"menu-item menu-item-type-custom menu-item-object-custom menu-item-has-children parent uael-has-submenu uael-creative-menu\"><div class=\"uael-has-submenu-container\"><a href=\"https:\/\/www.tudoinsaoroque.com.br\/categoria-produto\/tudo-em-saoroque\/automoveis-motos\/\" class = \"uael-menu-item\">CARROS &#038; MOTOS<span class='uael-menu-toggle sub-arrow uael-menu-child-0'><i class='fa'><\/i><\/span><\/a><\/div>\n<ul class=\"sub-menu\">\n\t<li id=\"menu-item-3285\" class=\"menu-item menu-item-type-custom menu-item-object-custom uael-creative-menu\"><a href=\"https:\/\/www.tudoinsaoroque.com.br\/categoria-produto\/tudo-em-saoroque\/automoveis-motos\/pecas-e-acessorios\/\" class = \"uael-sub-menu-item\">Pe\u00e7as &#038; Acess\u00f3rios<\/a><\/li>\n\t<li id=\"menu-item-3286\" class=\"menu-item menu-item-type-custom menu-item-object-custom uael-creative-menu\"><a href=\"https:\/\/www.tudoinsaoroque.com.br\/categoria-produto\/tudo-em-saoroque\/automoveis-motos\/veiculos-a-venda\/\" class = \"uael-sub-menu-item\">Ve\u00edculos \u00e0 Venda<\/a><\/li>\n<\/ul>\n<\/li>\n<li id=\"menu-item-3246\" class=\"menu-item menu-item-type-custom menu-item-object-custom menu-item-has-children parent uael-has-submenu uael-creative-menu\"><div class=\"uael-has-submenu-container\"><a href=\"https:\/\/www.tudoinsaoroque.com.br\/categoria-produto\/tudo-em-saoroque\/construcoes\/\" class = \"uael-menu-item\">MATERIAIS DE CONSTRU\u00c7\u00c3O<span class='uael-menu-toggle sub-arrow uael-menu-child-0'><i class='fa'><\/i><\/span><\/a><\/div>\n<ul class=\"sub-menu\">\n\t<li id=\"menu-item-3287\" class=\"menu-item menu-item-type-custom menu-item-object-custom uael-creative-menu\"><a href=\"https:\/\/www.tudoinsaoroque.com.br\/categoria-produto\/tudo-em-saoroque\/construcoes\/materiais-basicos\/\" class = \"uael-sub-menu-item\">Materiais B\u00e1sicos<\/a><\/li>\n\t<li id=\"menu-item-3288\" class=\"menu-item menu-item-type-custom menu-item-object-custom uael-creative-menu\"><a href=\"https:\/\/www.tudoinsaoroque.com.br\/categoria-produto\/tudo-em-saoroque\/construcoes\/acabamento\/\" class = \"uael-sub-menu-item\">Materiais de Acabamento<\/a><\/li>\n\t<li id=\"menu-item-3289\" class=\"menu-item menu-item-type-custom menu-item-object-custom uael-creative-menu\"><a href=\"https:\/\/www.tudoinsaoroque.com.br\/categoria-produto\/tudo-em-saoroque\/construcoes\/ferramentas-construcoes\/\" class = \"uael-sub-menu-item\">Ferramentas Constru\u00e7\u00f5es<\/a><\/li>\n\t<li id=\"menu-item-3290\" class=\"menu-item menu-item-type-custom menu-item-object-custom uael-creative-menu\"><a href=\"https:\/\/www.tudoinsaoroque.com.br\/categoria-produto\/tudo-em-saoroque\/construcoes\/maquinas-equipamentos\/\" class = \"uael-sub-menu-item\">M\u00e1quinas &#038; Equipamentos<\/a><\/li>\n<\/ul>\n<\/li>\n<li id=\"menu-item-3245\" class=\"menu-item menu-item-type-custom menu-item-object-custom menu-item-has-children parent uael-has-submenu uael-creative-menu\"><div class=\"uael-has-submenu-container\"><a href=\"https:\/\/www.tudoinsaoroque.com.br\/categoria-produto\/tudo-em-saoroque\/pizzarias-em-sao-roque\/\" class = \"uael-menu-item\">PIZZARIAS<span class='uael-menu-toggle sub-arrow uael-menu-child-0'><i class='fa'><\/i><\/span><\/a><\/div>\n<ul class=\"sub-menu\">\n\t<li id=\"menu-item-3291\" class=\"menu-item menu-item-type-custom menu-item-object-custom uael-creative-menu\"><a href=\"https:\/\/www.tudoinsaoroque.com.br\/categoria-produto\/tudo-em-saoroque\/pizzarias-em-sao-roque\/dom-bigode-pizzaria\/\" class = \"uael-sub-menu-item\">Dom Bigode Pizzaria<\/a><\/li>\n<\/ul>\n<\/li>\n<\/ul><\/nav>\n\t\t\t\t\t<\/div>\n\t\t\t\t\t\t\t<\/div>\n\t\t\t\t<\/div>\n\t\t\t\t\t<\/div>\n\t\t<\/div>\n\t\t\t\t\t<\/div>\n\t\t<\/section>\n\t\t\t\t<\/div>\n\t\t\t\t<\/div>\n\t\t\t\t\t\t<\/div>\n\t\t\t\t<\/div>\n\t\t\t\t<\/div>\n\t\t\t\t\t<\/div>\n\t\t\t\t<\/div>\n\t\t<div class=\"elementor-element elementor-element-5366ca51 e-flex e-con-boxed e-con e-parent\" data-id=\"5366ca51\" data-element_type=\"container\" data-e-type=\"container\" data-settings=\"{&quot;background_background&quot;:&quot;classic&quot;}\">\n\t\t\t\t\t<div class=\"e-con-inner\">\n\t\t<div class=\"elementor-element elementor-element-13ffdaa2 e-con-full e-flex e-con e-child\" data-id=\"13ffdaa2\" data-element_type=\"container\" data-e-type=\"container\">\n\t\t\t\t<div class=\"elementor-element elementor-element-114f3c84 elementor--h-position-center elementor--v-position-middle elementor-arrows-position-inside elementor-pagination-position-inside elementor-widget elementor-widget-slides\" data-id=\"114f3c84\" data-element_type=\"widget\" data-e-type=\"widget\" data-settings=\"{&quot;navigation&quot;:&quot;both&quot;,&quot;autoplay&quot;:&quot;yes&quot;,&quot;pause_on_hover&quot;:&quot;yes&quot;,&quot;pause_on_interaction&quot;:&quot;yes&quot;,&quot;autoplay_speed&quot;:5000,&quot;infinite&quot;:&quot;yes&quot;,&quot;transition&quot;:&quot;slide&quot;,&quot;transition_speed&quot;:500}\" data-widget_type=\"slides.default\">\n\t\t\t\t<div class=\"elementor-widget-container\">\n\t\t\t\t\t\t\t\t\t<div class=\"elementor-swiper\">\n\t\t\t\t\t<div class=\"elementor-slides-wrapper elementor-main-swiper swiper\" role=\"region\" aria-roledescription=\"carousel\" aria-label=\"Slides\" dir=\"ltr\" data-animation=\"zoomIn\">\n\t\t\t\t<div class=\"swiper-wrapper elementor-slides\">\n\t\t\t\t\t\t\t\t\t\t<div class=\"elementor-repeater-item-cd698f6 swiper-slide\" role=\"group\" aria-roledescription=\"slide\"><div class=\"swiper-slide-bg\" role=\"img\" aria-label=\"Tudo In S\u00e3o Roque - vista_aerea\"><\/div><div class=\"elementor-background-overlay\"><\/div><a class=\"swiper-slide-inner\" href=\"https:\/\/www.informasaoroque.com.br\/informasaoroque\/\"><div class=\"swiper-slide-contents\"><div class=\"elementor-slide-heading\">Conhe\u00e7a S\u00e3o Roque - Uma experi\u00eancia emocionante para todos<\/div><div  class=\"elementor-button elementor-slide-button elementor-size-lg\">Leia Mais>><\/div><\/div><\/a><\/div><div class=\"elementor-repeater-item-fdedb04 swiper-slide\" role=\"group\" aria-roledescription=\"slide\"><div class=\"swiper-slide-bg\" role=\"img\" aria-label=\"Informa S\u00e3o Roque_Morro do Sabo\u00f3\"><\/div><div class=\"elementor-background-overlay\"><\/div><a class=\"swiper-slide-inner\" href=\"https:\/\/www.informasaoroque.com.br\/informasaoroque\/morro-do-saboo-ares-europeus-nas-montanhas-sao-roquenses\/\"><div class=\"swiper-slide-contents\"><div class=\"elementor-slide-heading\">O Morro do Sabo\u00f3<\/div><div class=\"elementor-slide-description\">ares europeus na montanha sanroquense<\/div><div  class=\"elementor-button elementor-slide-button elementor-size-lg\">Leia Mais>><\/div><\/div><\/a><\/div><div class=\"elementor-repeater-item-a8cdce4 swiper-slide\" role=\"group\" aria-roledescription=\"slide\"><div class=\"swiper-slide-bg\" role=\"img\" aria-label=\"capela\"><\/div><div class=\"elementor-background-overlay\"><\/div><a class=\"swiper-slide-inner\" href=\"https:\/\/www.informasaoroque.com.br\/informasaoroque\/capela-de-santo-antonio\/\"><div class=\"swiper-slide-contents\"><div class=\"elementor-slide-heading\">A Capela de Santo Antonio<\/div><div  class=\"elementor-button elementor-slide-button elementor-size-lg\">Leia Mais>><\/div><\/div><\/a><\/div><div class=\"elementor-repeater-item-5ad2351 swiper-slide\" role=\"group\" aria-roledescription=\"slide\"><div class=\"swiper-slide-bg\" role=\"img\" aria-label=\"festa_do_vinho_em s\u00e3o roque\"><\/div><div class=\"elementor-background-overlay\"><\/div><a class=\"swiper-slide-inner\" href=\"https:\/\/www.informasaoroque.com.br\/informasaoroque\/a-historia-da-antiga-festa-do-vinho\/\"><div class=\"swiper-slide-contents\"><div class=\"elementor-slide-heading\">A Hist\u00f3ria da Antiga Festa do Vinho<\/div><div  class=\"elementor-button elementor-slide-button elementor-size-lg\">Leia Mais>><\/div><\/div><\/a><\/div><div class=\"elementor-repeater-item-ed48f0d swiper-slide\" role=\"group\" aria-roledescription=\"slide\"><div class=\"swiper-slide-bg\" role=\"img\" aria-label=\"Informa S\u00e3o Roque_brasital\"><\/div><div class=\"elementor-background-overlay\"><\/div><a class=\"swiper-slide-inner\" href=\"https:\/\/www.informasaoroque.com.br\/informasaoroque\/brasital-a-antiga-tecelagem-brasil-italia-que-transformou-se-no-centro-cultural-brasital\/\"><div class=\"swiper-slide-contents\"><div class=\"elementor-slide-heading\">A Brasital<\/div><div class=\"elementor-slide-description\">A antiga tecelagem \"Enrico Dell'Acqua & Cia\" que hoje abriga o Centro Educacional e Cultural Brasital<\/div><div  class=\"elementor-button elementor-slide-button elementor-size-lg\">Saiba mais<\/div><\/div><\/a><\/div><div class=\"elementor-repeater-item-04d6961 swiper-slide\" role=\"group\" aria-roledescription=\"slide\"><div class=\"swiper-slide-bg\" role=\"img\" aria-label=\"festas-de-agosto-2023-informasaoroque\"><\/div><div class=\"elementor-background-overlay\"><\/div><a class=\"swiper-slide-inner\" href=\"https:\/\/www.informasaoroque.com.br\/informasaoroque\/festas-de-agosto-uma-tradicao-historica\/\"><div class=\"swiper-slide-contents\"><div class=\"elementor-slide-heading\">Festas de Agosto<\/div><div class=\"elementor-slide-description\">Uma tradi\u00e7\u00e3oi hist\u00f3rica que acontece no mes de agosto em s\u00e3o roque!<\/div><div  class=\"elementor-button elementor-slide-button elementor-size-lg\">Confira!<\/div><\/div><\/a><\/div><div class=\"elementor-repeater-item-c171edc swiper-slide\" role=\"group\" aria-roledescription=\"slide\"><div class=\"swiper-slide-bg\" role=\"img\" aria-label=\"telefones_\u00fateis\"><\/div><div class=\"elementor-background-overlay\"><\/div><a class=\"swiper-slide-inner\" href=\"https:\/\/www.informasaoroque.com.br\/informasaoroque\/telefones-uteis\/\"><div class=\"swiper-slide-contents\"><div class=\"elementor-slide-heading\">Telefones \u00dateis em SR<\/div><div class=\"elementor-slide-description\">emerg\u00eancias servi\u00e7os p\u00fablicos - institui\u00e7\u00f5es<\/div><div  class=\"elementor-button elementor-slide-button elementor-size-lg\">Clique aqui<\/div><\/div><\/a><\/div><div class=\"elementor-repeater-item-a40b0b4 swiper-slide\" role=\"group\" aria-roledescription=\"slide\"><div class=\"swiper-slide-bg\" role=\"img\" aria-label=\"simbolos-municipais-informasaoroque\"><\/div><div class=\"elementor-background-overlay\"><\/div><a class=\"swiper-slide-inner\" href=\"https:\/\/www.informasaoroque.com.br\/informasaoroque\/descricao-do-brasao-de-armas-e-simbolos-municipais\/\"><div class=\"swiper-slide-contents\"><div class=\"elementor-slide-heading\">S\u00edmbolos Municipais<\/div><div class=\"elementor-slide-description\">Descri\u00e7\u00e3o do bras\u00e3o de armas e simbolos municipais<\/div><div  class=\"elementor-button elementor-slide-button elementor-size-lg\">Clique aqui<\/div><\/div><\/a><\/div><div class=\"elementor-repeater-item-1079e4f swiper-slide\" role=\"group\" aria-roledescription=\"slide\"><div class=\"swiper-slide-bg\" role=\"img\" aria-label=\"sao-roque-o-santo-padroeiro-2-informasaoroque\"><\/div><div class=\"elementor-background-overlay\"><\/div><a class=\"swiper-slide-inner\" href=\"https:\/\/www.informasaoroque.com.br\/informasaoroque\/a-historia-de-sao-roque-o-santo-padroeiro\/\"><div class=\"swiper-slide-contents\"><div class=\"elementor-slide-heading\">O Santo Padroeiro<\/div><div class=\"elementor-slide-description\">A hist\u00f3ria de s\u00e3o roque - o santo padroeiro da nossa cidade<\/div><div  class=\"elementor-button elementor-slide-button elementor-size-lg\">Clique aqui<\/div><\/div><\/a><\/div><div class=\"elementor-repeater-item-c03cf65 swiper-slide\" role=\"group\" aria-roledescription=\"slide\"><div class=\"swiper-slide-bg\" role=\"img\" aria-label=\"dados-geograficos-e-ambientais-informasaoroque\"><\/div><div class=\"elementor-background-overlay\"><\/div><a class=\"swiper-slide-inner\" href=\"https:\/\/www.informasaoroque.com.br\/informasaoroque\/dados-geograficos-e-ambientais\/\"><div class=\"swiper-slide-contents\"><div class=\"elementor-slide-heading\">Dados Geogr\u00e1ficos<\/div><div class=\"elementor-slide-description\">Dados Geogr\u00e1ficos e ambientais<\/div><div  class=\"elementor-button elementor-slide-button elementor-size-lg\">Fique por Dentro<\/div><\/div><\/a><\/div><div class=\"elementor-repeater-item-e1678f4 swiper-slide\" role=\"group\" aria-roledescription=\"slide\"><div class=\"swiper-slide-bg\" role=\"img\" aria-label=\"historia-do-fundador-pedro-vaz-de-barros-1-informasaoroque\"><\/div><div class=\"elementor-background-overlay\"><\/div><a class=\"swiper-slide-inner\" href=\"https:\/\/www.informasaoroque.com.br\/informasaoroque\/historia-do-fundador-pedro-vaz-de-barros\/\"><div class=\"swiper-slide-contents\"><div class=\"elementor-slide-heading\">O Fundador<\/div><div class=\"elementor-slide-description\">Hist\u00f3ria de pedro vaz de barros<\/div><div  class=\"elementor-button elementor-slide-button elementor-size-lg\">Fique por Dentro<\/div><\/div><\/a><\/div>\t\t\t\t<\/div>\n\t\t\t\t\t\t\t\t\t\t\t\t\t\t\t<div class=\"elementor-swiper-button elementor-swiper-button-prev\" role=\"button\" tabindex=\"0\" aria-label=\"Slide anterior\">\n\t\t\t\t\t\t\t<i aria-hidden=\"true\" class=\"eicon-chevron-left\"><\/i>\t\t\t\t\t\t<\/div>\n\t\t\t\t\t\t<div class=\"elementor-swiper-button elementor-swiper-button-next\" role=\"button\" tabindex=\"0\" aria-label=\"Pr\u00f3ximo slide\">\n\t\t\t\t\t\t\t<i aria-hidden=\"true\" class=\"eicon-chevron-right\"><\/i>\t\t\t\t\t\t<\/div>\n\t\t\t\t\t\t\t\t\t\t\t\t\t\t\t\t<div class=\"swiper-pagination\"><\/div>\n\t\t\t\t\t\t\t\t\t\t\t\t<\/div>\n\t\t\t\t<\/div>\n\t\t\t\t\t\t\t\t<\/div>\n\t\t\t\t<\/div>\n\t\t\t\t<\/div>\n\t\t\t\t\t<\/div>\n\t\t\t\t<\/div>\n\t\t<div class=\"elementor-element elementor-element-8a8b7ce e-flex e-con-boxed e-con e-parent\" data-id=\"8a8b7ce\" data-element_type=\"container\" data-e-type=\"container\" data-settings=\"{&quot;background_background&quot;:&quot;classic&quot;}\">\n\t\t\t\t\t<div class=\"e-con-inner\">\n\t\t\t\t<div class=\"elementor-element elementor-element-5fa2e987 elementor-widget elementor-widget-text-editor\" data-id=\"5fa2e987\" data-element_type=\"widget\" data-e-type=\"widget\" data-widget_type=\"text-editor.default\">\n\t\t\t\t<div class=\"elementor-widget-container\">\n\t\t\t\t\t\t\t\t\t<p>\u00a9 2026 Informa S\u00e3o Roque. Todos os direitos reservados. \u00c9 proibida a reprodu\u00e7\u00e3o total ou parcial deste conte\u00fado sem autoriza\u00e7\u00e3o expressa.<\/p>\t\t\t\t\t\t\t\t<\/div>\n\t\t\t\t<\/div>\n\t\t\t\t\t<\/div>\n\t\t\t\t<\/div>\n\t\t\t\t<\/div>\n\t\t","protected":false},"excerpt":{"rendered":"<p>A Prefeitura de S\u00e3o Roque abriu as inscri\u00e7\u00f5es para comerciantes interessados em levar seus produtos para a edi\u00e7\u00e3o 2026 do Desfile de 7 de Setembro, que acontece na pr\u00f3xima segunda-feira, dia 7, na Avenida Bandeirantes.<\/p>\n","protected":false},"author":3,"featured_media":37798,"comment_status":"closed","ping_status":"open","sticky":false,"template":"elementor_canvas","format":"standard","meta":{"cybocfi_hide_featured_image":"","footnotes":""},"categories":[104,113,98,1,97,100],"tags":[],"class_list":["post-37796","post","type-post","status-publish","format-standard","has-post-thumbnail","hentry","category-cultura","category-eventos","category-negocios","category-noticias","category-servicos","category-turismo"],"yoast_head":"<!-- This site is optimized with the Yoast SEO plugin v28.3 - https:\/\/yoast.com\/product\/yoast-seo-wordpress\/ -->\n<title>Prefeitura abre inscri\u00e7\u00f5es para comerciantes no desfile de 7 de setembro - Informa S\u00e3o Roque<\/title>\n<meta name=\"robots\" content=\"index, follow, max-snippet:-1, max-image-preview:large, max-video-preview:-1\" \/>\n<link rel=\"canonical\" href=\"https:\/\/www.informasaoroque.com.br\/informasaoroque\/2026\/09\/01\/prefeitura-abre-inscricoes-para-comerciantes-no-desfile-de-7-de-setembro\/\" \/>\n<meta property=\"og:locale\" content=\"pt_BR\" \/>\n<meta property=\"og:type\" content=\"article\" \/>\n<meta property=\"og:title\" content=\"Prefeitura abre inscri\u00e7\u00f5es para comerciantes no desfile de 7 de setembro - Informa S\u00e3o Roque\" \/>\n<meta property=\"og:description\" content=\"A Prefeitura de S\u00e3o Roque abriu as inscri\u00e7\u00f5es para comerciantes interessados em levar seus produtos para a edi\u00e7\u00e3o 2026 do Desfile de 7 de Setembro, que acontece na pr\u00f3xima segunda-feira, dia 7, na Avenida Bandeirantes.\" \/>\n<meta property=\"og:url\" content=\"https:\/\/www.informasaoroque.com.br\/informasaoroque\/2026\/09\/01\/prefeitura-abre-inscricoes-para-comerciantes-no-desfile-de-7-de-setembro\/\" \/>\n<meta property=\"og:site_name\" content=\"Informa S\u00e3o Roque\" \/>\n<meta property=\"article:publisher\" content=\"https:\/\/www.facebook.com\/informasaoroque\" \/>\n<meta property=\"article:author\" content=\"https:\/\/www.facebook.com\/informasaoroque\" \/>\n<meta property=\"article:published_time\" content=\"2026-09-01T12:35:19+00:00\" \/>\n<meta property=\"article:modified_time\" content=\"2026-09-02T00:57:47+00:00\" \/>\n<meta property=\"og:image\" content=\"https:\/\/www.informasaoroque.com.br\/informasaoroque\/wp-content\/uploads\/2026\/09\/desfile-civico-7-de-setembro-2026-informasaoroque.jpeg\" \/>\n\t<meta property=\"og:image:width\" content=\"600\" \/>\n\t<meta property=\"og:image:height\" content=\"314\" \/>\n\t<meta property=\"og:image:type\" content=\"image\/jpeg\" \/>\n<meta name=\"author\" content=\"Informa S\u00e3o Roque\" \/>\n<meta name=\"twitter:card\" content=\"summary_large_image\" \/>\n<meta name=\"twitter:creator\" content=\"@https:\/\/twitter.com\/INFORMASAOROQUE\" \/>\n<meta name=\"twitter:site\" content=\"@INFORMASAOROQUE\" \/>\n<meta name=\"twitter:label1\" content=\"Escrito por\" \/>\n\t<meta name=\"twitter:data1\" content=\"Informa S\u00e3o Roque\" \/>\n\t<meta name=\"twitter:label2\" content=\"Est. tempo de leitura\" \/>\n\t<meta name=\"twitter:data2\" content=\"5 minutos\" \/>\n<script type=\"application\/ld+json\" class=\"yoast-schema-graph\">{\"@context\":\"https:\\\/\\\/schema.org\",\"@graph\":[{\"@type\":\"Article\",\"@id\":\"https:\\\/\\\/www.informasaoroque.com.br\\\/informasaoroque\\\/2026\\\/09\\\/01\\\/prefeitura-abre-inscricoes-para-comerciantes-no-desfile-de-7-de-setembro\\\/#article\",\"isPartOf\":{\"@id\":\"https:\\\/\\\/www.informasaoroque.com.br\\\/informasaoroque\\\/2026\\\/09\\\/01\\\/prefeitura-abre-inscricoes-para-comerciantes-no-desfile-de-7-de-setembro\\\/\"},\"author\":{\"name\":\"Informa S\u00e3o Roque\",\"@id\":\"https:\\\/\\\/www.informasaoroque.com.br\\\/informasaoroque\\\/#\\\/schema\\\/person\\\/1573efd3d30c7e65887d263d47199963\"},\"headline\":\"Prefeitura abre inscri\u00e7\u00f5es para comerciantes no desfile de 7 de setembro\",\"datePublished\":\"2026-09-01T12:35:19+00:00\",\"dateModified\":\"2026-09-02T00:57:47+00:00\",\"mainEntityOfPage\":{\"@id\":\"https:\\\/\\\/www.informasaoroque.com.br\\\/informasaoroque\\\/2026\\\/09\\\/01\\\/prefeitura-abre-inscricoes-para-comerciantes-no-desfile-de-7-de-setembro\\\/\"},\"wordCount\":781,\"publisher\":{\"@id\":\"https:\\\/\\\/www.informasaoroque.com.br\\\/informasaoroque\\\/#organization\"},\"image\":{\"@id\":\"https:\\\/\\\/www.informasaoroque.com.br\\\/informasaoroque\\\/2026\\\/09\\\/01\\\/prefeitura-abre-inscricoes-para-comerciantes-no-desfile-de-7-de-setembro\\\/#primaryimage\"},\"thumbnailUrl\":\"https:\\\/\\\/www.informasaoroque.com.br\\\/informasaoroque\\\/wp-content\\\/uploads\\\/2026\\\/09\\\/desfile-civico-7-de-setembro-2026-informasaoroque.jpeg\",\"articleSection\":[\"Cultura\",\"Eventos\",\"Neg\u00f3cios\",\"Not\u00edcias\",\"Servi\u00e7os\",\"Turismo\"],\"inLanguage\":\"pt-BR\"},{\"@type\":\"WebPage\",\"@id\":\"https:\\\/\\\/www.informasaoroque.com.br\\\/informasaoroque\\\/2026\\\/09\\\/01\\\/prefeitura-abre-inscricoes-para-comerciantes-no-desfile-de-7-de-setembro\\\/\",\"url\":\"https:\\\/\\\/www.informasaoroque.com.br\\\/informasaoroque\\\/2026\\\/09\\\/01\\\/prefeitura-abre-inscricoes-para-comerciantes-no-desfile-de-7-de-setembro\\\/\",\"name\":\"Prefeitura abre inscri\u00e7\u00f5es para comerciantes no desfile de 7 de setembro - Informa S\u00e3o Roque\",\"isPartOf\":{\"@id\":\"https:\\\/\\\/www.informasaoroque.com.br\\\/informasaoroque\\\/#website\"},\"primaryImageOfPage\":{\"@id\":\"https:\\\/\\\/www.informasaoroque.com.br\\\/informasaoroque\\\/2026\\\/09\\\/01\\\/prefeitura-abre-inscricoes-para-comerciantes-no-desfile-de-7-de-setembro\\\/#primaryimage\"},\"image\":{\"@id\":\"https:\\\/\\\/www.informasaoroque.com.br\\\/informasaoroque\\\/2026\\\/09\\\/01\\\/prefeitura-abre-inscricoes-para-comerciantes-no-desfile-de-7-de-setembro\\\/#primaryimage\"},\"thumbnailUrl\":\"https:\\\/\\\/www.informasaoroque.com.br\\\/informasaoroque\\\/wp-content\\\/uploads\\\/2026\\\/09\\\/desfile-civico-7-de-setembro-2026-informasaoroque.jpeg\",\"datePublished\":\"2026-09-01T12:35:19+00:00\",\"dateModified\":\"2026-09-02T00:57:47+00:00\",\"breadcrumb\":{\"@id\":\"https:\\\/\\\/www.informasaoroque.com.br\\\/informasaoroque\\\/2026\\\/09\\\/01\\\/prefeitura-abre-inscricoes-para-comerciantes-no-desfile-de-7-de-setembro\\\/#breadcrumb\"},\"inLanguage\":\"pt-BR\",\"potentialAction\":[{\"@type\":\"ReadAction\",\"target\":[\"https:\\\/\\\/www.informasaoroque.com.br\\\/informasaoroque\\\/2026\\\/09\\\/01\\\/prefeitura-abre-inscricoes-para-comerciantes-no-desfile-de-7-de-setembro\\\/\"]}]},{\"@type\":\"ImageObject\",\"inLanguage\":\"pt-BR\",\"@id\":\"https:\\\/\\\/www.informasaoroque.com.br\\\/informasaoroque\\\/2026\\\/09\\\/01\\\/prefeitura-abre-inscricoes-para-comerciantes-no-desfile-de-7-de-setembro\\\/#primaryimage\",\"url\":\"https:\\\/\\\/www.informasaoroque.com.br\\\/informasaoroque\\\/wp-content\\\/uploads\\\/2026\\\/09\\\/desfile-civico-7-de-setembro-2026-informasaoroque.jpeg\",\"contentUrl\":\"https:\\\/\\\/www.informasaoroque.com.br\\\/informasaoroque\\\/wp-content\\\/uploads\\\/2026\\\/09\\\/desfile-civico-7-de-setembro-2026-informasaoroque.jpeg\",\"width\":600,\"height\":314},{\"@type\":\"BreadcrumbList\",\"@id\":\"https:\\\/\\\/www.informasaoroque.com.br\\\/informasaoroque\\\/2026\\\/09\\\/01\\\/prefeitura-abre-inscricoes-para-comerciantes-no-desfile-de-7-de-setembro\\\/#breadcrumb\",\"itemListElement\":[{\"@type\":\"ListItem\",\"position\":1,\"name\":\"In\u00edcio\",\"item\":\"https:\\\/\\\/www.informasaoroque.com.br\\\/informasaoroque\\\/\"},{\"@type\":\"ListItem\",\"position\":2,\"name\":\"Prefeitura abre inscri\u00e7\u00f5es para comerciantes no desfile de 7 de setembro\"}]},{\"@type\":\"WebSite\",\"@id\":\"https:\\\/\\\/www.informasaoroque.com.br\\\/informasaoroque\\\/#website\",\"url\":\"https:\\\/\\\/www.informasaoroque.com.br\\\/informasaoroque\\\/\",\"name\":\"Informa S\u00e3o Roque\",\"description\":\"Informa\u00e7\u00e3o e Cultura em Revista\",\"publisher\":{\"@id\":\"https:\\\/\\\/www.informasaoroque.com.br\\\/informasaoroque\\\/#organization\"},\"potentialAction\":[{\"@type\":\"SearchAction\",\"target\":{\"@type\":\"EntryPoint\",\"urlTemplate\":\"https:\\\/\\\/www.informasaoroque.com.br\\\/informasaoroque\\\/?s={search_term_string}\"},\"query-input\":{\"@type\":\"PropertyValueSpecification\",\"valueRequired\":true,\"valueName\":\"search_term_string\"}}],\"inLanguage\":\"pt-BR\"},{\"@type\":\"Organization\",\"@id\":\"https:\\\/\\\/www.informasaoroque.com.br\\\/informasaoroque\\\/#organization\",\"name\":\"Informa S\u00e3o Roque\",\"url\":\"https:\\\/\\\/www.informasaoroque.com.br\\\/informasaoroque\\\/\",\"logo\":{\"@type\":\"ImageObject\",\"inLanguage\":\"pt-BR\",\"@id\":\"https:\\\/\\\/www.informasaoroque.com.br\\\/informasaoroque\\\/#\\\/schema\\\/logo\\\/image\\\/\",\"url\":\"https:\\\/\\\/www.informasaoroque.com.br\\\/informasaoroque\\\/wp-content\\\/uploads\\\/2022\\\/02\\\/cropped-cropped-logo.jpg\",\"contentUrl\":\"https:\\\/\\\/www.informasaoroque.com.br\\\/informasaoroque\\\/wp-content\\\/uploads\\\/2022\\\/02\\\/cropped-cropped-logo.jpg\",\"width\":188,\"height\":138,\"caption\":\"Informa S\u00e3o Roque\"},\"image\":{\"@id\":\"https:\\\/\\\/www.informasaoroque.com.br\\\/informasaoroque\\\/#\\\/schema\\\/logo\\\/image\\\/\"},\"sameAs\":[\"https:\\\/\\\/www.facebook.com\\\/informasaoroque\",\"https:\\\/\\\/x.com\\\/INFORMASAOROQUE\",\"https:\\\/\\\/www.instagram.com\\\/informasaoroque\\\/\"]},{\"@type\":\"Person\",\"@id\":\"https:\\\/\\\/www.informasaoroque.com.br\\\/informasaoroque\\\/#\\\/schema\\\/person\\\/1573efd3d30c7e65887d263d47199963\",\"name\":\"Informa S\u00e3o Roque\",\"image\":{\"@type\":\"ImageObject\",\"inLanguage\":\"pt-BR\",\"@id\":\"http:\\\/\\\/www.informasaoroque.com.br\\\/informasaoroque\\\/wp-content\\\/uploads\\\/2022\\\/02\\\/favicon1-96x96.jpg\",\"url\":\"http:\\\/\\\/www.informasaoroque.com.br\\\/informasaoroque\\\/wp-content\\\/uploads\\\/2022\\\/02\\\/favicon1-96x96.jpg\",\"contentUrl\":\"http:\\\/\\\/www.informasaoroque.com.br\\\/informasaoroque\\\/wp-content\\\/uploads\\\/2022\\\/02\\\/favicon1-96x96.jpg\",\"caption\":\"Informa S\u00e3o Roque\"},\"sameAs\":[\"http:\\\/\\\/www.informasaoroque.com.br\",\"https:\\\/\\\/www.facebook.com\\\/informasaoroque\",\"https:\\\/\\\/www.instagram.com\\\/informasaoroque\\\/\",\"https:\\\/\\\/x.com\\\/https:\\\/\\\/twitter.com\\\/INFORMASAOROQUE\",\"https:\\\/\\\/www.youtube.com\\\/channel\\\/UCpOQXX2BFKBFzzLuREy5skA\"],\"url\":\"https:\\\/\\\/www.informasaoroque.com.br\\\/informasaoroque\\\/author\\\/admin\\\/\"}]}<\/script>\n<!-- \/ Yoast SEO plugin. -->","yoast_head_json":{"title":"Prefeitura abre inscri\u00e7\u00f5es para comerciantes no desfile de 7 de setembro - Informa S\u00e3o Roque","robots":{"index":"index","follow":"follow","max-snippet":"max-snippet:-1","max-image-preview":"max-image-preview:large","max-video-preview":"max-video-preview:-1"},"canonical":"https:\/\/www.informasaoroque.com.br\/informasaoroque\/2026\/09\/01\/prefeitura-abre-inscricoes-para-comerciantes-no-desfile-de-7-de-setembro\/","og_locale":"pt_BR","og_type":"article","og_title":"Prefeitura abre inscri\u00e7\u00f5es para comerciantes no desfile de 7 de setembro - Informa S\u00e3o Roque","og_description":"A Prefeitura de S\u00e3o Roque abriu as inscri\u00e7\u00f5es para comerciantes interessados em levar seus produtos para a edi\u00e7\u00e3o 2026 do Desfile de 7 de Setembro, que acontece na pr\u00f3xima segunda-feira, dia 7, na Avenida Bandeirantes.","og_url":"https:\/\/www.informasaoroque.com.br\/informasaoroque\/2026\/09\/01\/prefeitura-abre-inscricoes-para-comerciantes-no-desfile-de-7-de-setembro\/","og_site_name":"Informa S\u00e3o Roque","article_publisher":"https:\/\/www.facebook.com\/informasaoroque","article_author":"https:\/\/www.facebook.com\/informasaoroque","article_published_time":"2026-09-01T12:35:19+00:00","article_modified_time":"2026-09-02T00:57:47+00:00","og_image":[{"width":600,"height":314,"url":"https:\/\/www.informasaoroque.com.br\/informasaoroque\/wp-content\/uploads\/2026\/09\/desfile-civico-7-de-setembro-2026-informasaoroque.jpeg","type":"image\/jpeg"}],"author":"Informa S\u00e3o Roque","twitter_card":"summary_large_image","twitter_creator":"@https:\/\/twitter.com\/INFORMASAOROQUE","twitter_site":"@INFORMASAOROQUE","twitter_misc":{"Escrito por":"Informa S\u00e3o Roque","Est. tempo de leitura":"5 minutos"},"schema":{"@context":"https:\/\/schema.org","@graph":[{"@type":"Article","@id":"https:\/\/www.informasaoroque.com.br\/informasaoroque\/2026\/09\/01\/prefeitura-abre-inscricoes-para-comerciantes-no-desfile-de-7-de-setembro\/#article","isPartOf":{"@id":"https:\/\/www.informasaoroque.com.br\/informasaoroque\/2026\/09\/01\/prefeitura-abre-inscricoes-para-comerciantes-no-desfile-de-7-de-setembro\/"},"author":{"name":"Informa S\u00e3o Roque","@id":"https:\/\/www.informasaoroque.com.br\/informasaoroque\/#\/schema\/person\/1573efd3d30c7e65887d263d47199963"},"headline":"Prefeitura abre inscri\u00e7\u00f5es para comerciantes no desfile de 7 de setembro","datePublished":"2026-09-01T12:35:19+00:00","dateModified":"2026-09-02T00:57:47+00:00","mainEntityOfPage":{"@id":"https:\/\/www.informasaoroque.com.br\/informasaoroque\/2026\/09\/01\/prefeitura-abre-inscricoes-para-comerciantes-no-desfile-de-7-de-setembro\/"},"wordCount":781,"publisher":{"@id":"https:\/\/www.informasaoroque.com.br\/informasaoroque\/#organization"},"image":{"@id":"https:\/\/www.informasaoroque.com.br\/informasaoroque\/2026\/09\/01\/prefeitura-abre-inscricoes-para-comerciantes-no-desfile-de-7-de-setembro\/#primaryimage"},"thumbnailUrl":"https:\/\/www.informasaoroque.com.br\/informasaoroque\/wp-content\/uploads\/2026\/09\/desfile-civico-7-de-setembro-2026-informasaoroque.jpeg","articleSection":["Cultura","Eventos","Neg\u00f3cios","Not\u00edcias","Servi\u00e7os","Turismo"],"inLanguage":"pt-BR"},{"@type":"WebPage","@id":"https:\/\/www.informasaoroque.com.br\/informasaoroque\/2026\/09\/01\/prefeitura-abre-inscricoes-para-comerciantes-no-desfile-de-7-de-setembro\/","url":"https:\/\/www.informasaoroque.com.br\/informasaoroque\/2026\/09\/01\/prefeitura-abre-inscricoes-para-comerciantes-no-desfile-de-7-de-setembro\/","name":"Prefeitura abre inscri\u00e7\u00f5es para comerciantes no desfile de 7 de setembro - Informa S\u00e3o Roque","isPartOf":{"@id":"https:\/\/www.informasaoroque.com.br\/informasaoroque\/#website"},"primaryImageOfPage":{"@id":"https:\/\/www.informasaoroque.com.br\/informasaoroque\/2026\/09\/01\/prefeitura-abre-inscricoes-para-comerciantes-no-desfile-de-7-de-setembro\/#primaryimage"},"image":{"@id":"https:\/\/www.informasaoroque.com.br\/informasaoroque\/2026\/09\/01\/prefeitura-abre-inscricoes-para-comerciantes-no-desfile-de-7-de-setembro\/#primaryimage"},"thumbnailUrl":"https:\/\/www.informasaoroque.com.br\/informasaoroque\/wp-content\/uploads\/2026\/09\/desfile-civico-7-de-setembro-2026-informasaoroque.jpeg","datePublished":"2026-09-01T12:35:19+00:00","dateModified":"2026-09-02T00:57:47+00:00","breadcrumb":{"@id":"https:\/\/www.informasaoroque.com.br\/informasaoroque\/2026\/09\/01\/prefeitura-abre-inscricoes-para-comerciantes-no-desfile-de-7-de-setembro\/#breadcrumb"},"inLanguage":"pt-BR","potentialAction":[{"@type":"ReadAction","target":["https:\/\/www.informasaoroque.com.br\/informasaoroque\/2026\/09\/01\/prefeitura-abre-inscricoes-para-comerciantes-no-desfile-de-7-de-setembro\/"]}]},{"@type":"ImageObject","inLanguage":"pt-BR","@id":"https:\/\/www.informasaoroque.com.br\/informasaoroque\/2026\/09\/01\/prefeitura-abre-inscricoes-para-comerciantes-no-desfile-de-7-de-setembro\/#primaryimage","url":"https:\/\/www.informasaoroque.com.br\/informasaoroque\/wp-content\/uploads\/2026\/09\/desfile-civico-7-de-setembro-2026-informasaoroque.jpeg","contentUrl":"https:\/\/www.informasaoroque.com.br\/informasaoroque\/wp-content\/uploads\/2026\/09\/desfile-civico-7-de-setembro-2026-informasaoroque.jpeg","width":600,"height":314},{"@type":"BreadcrumbList","@id":"https:\/\/www.informasaoroque.com.br\/informasaoroque\/2026\/09\/01\/prefeitura-abre-inscricoes-para-comerciantes-no-desfile-de-7-de-setembro\/#breadcrumb","itemListElement":[{"@type":"ListItem","position":1,"name":"In\u00edcio","item":"https:\/\/www.informasaoroque.com.br\/informasaoroque\/"},{"@type":"ListItem","position":2,"name":"Prefeitura abre inscri\u00e7\u00f5es para comerciantes no desfile de 7 de setembro"}]},{"@type":"WebSite","@id":"https:\/\/www.informasaoroque.com.br\/informasaoroque\/#website","url":"https:\/\/www.informasaoroque.com.br\/informasaoroque\/","name":"Informa S\u00e3o Roque","description":"Informa\u00e7\u00e3o e Cultura em Revista","publisher":{"@id":"https:\/\/www.informasaoroque.com.br\/informasaoroque\/#organization"},"potentialAction":[{"@type":"SearchAction","target":{"@type":"EntryPoint","urlTemplate":"https:\/\/www.informasaoroque.com.br\/informasaoroque\/?s={search_term_string}"},"query-input":{"@type":"PropertyValueSpecification","valueRequired":true,"valueName":"search_term_string"}}],"inLanguage":"pt-BR"},{"@type":"Organization","@id":"https:\/\/www.informasaoroque.com.br\/informasaoroque\/#organization","name":"Informa S\u00e3o Roque","url":"https:\/\/www.informasaoroque.com.br\/informasaoroque\/","logo":{"@type":"ImageObject","inLanguage":"pt-BR","@id":"https:\/\/www.informasaoroque.com.br\/informasaoroque\/#\/schema\/logo\/image\/","url":"https:\/\/www.informasaoroque.com.br\/informasaoroque\/wp-content\/uploads\/2022\/02\/cropped-cropped-logo.jpg","contentUrl":"https:\/\/www.informasaoroque.com.br\/informasaoroque\/wp-content\/uploads\/2022\/02\/cropped-cropped-logo.jpg","width":188,"height":138,"caption":"Informa S\u00e3o Roque"},"image":{"@id":"https:\/\/www.informasaoroque.com.br\/informasaoroque\/#\/schema\/logo\/image\/"},"sameAs":["https:\/\/www.facebook.com\/informasaoroque","https:\/\/x.com\/INFORMASAOROQUE","https:\/\/www.instagram.com\/informasaoroque\/"]},{"@type":"Person","@id":"https:\/\/www.informasaoroque.com.br\/informasaoroque\/#\/schema\/person\/1573efd3d30c7e65887d263d47199963","name":"Informa S\u00e3o Roque","image":{"@type":"ImageObject","inLanguage":"pt-BR","@id":"http:\/\/www.informasaoroque.com.br\/informasaoroque\/wp-content\/uploads\/2022\/02\/favicon1-96x96.jpg","url":"http:\/\/www.informasaoroque.com.br\/informasaoroque\/wp-content\/uploads\/2022\/02\/favicon1-96x96.jpg","contentUrl":"http:\/\/www.informasaoroque.com.br\/informasaoroque\/wp-content\/uploads\/2022\/02\/favicon1-96x96.jpg","caption":"Informa S\u00e3o Roque"},"sameAs":["http:\/\/www.informasaoroque.com.br","https:\/\/www.facebook.com\/informasaoroque","https:\/\/www.instagram.com\/informasaoroque\/","https:\/\/x.com\/https:\/\/twitter.com\/INFORMASAOROQUE","https:\/\/www.youtube.com\/channel\/UCpOQXX2BFKBFzzLuREy5skA"],"url":"https:\/\/www.informasaoroque.com.br\/informasaoroque\/author\/admin\/"}]}},"_links":{"self":[{"href":"https:\/\/www.informasaoroque.com.br\/informasaoroque\/wp-json\/wp\/v2\/posts\/37796","targetHints":{"allow":["GET"]}}],"collection":[{"href":"https:\/\/www.informasaoroque.com.br\/informasaoroque\/wp-json\/wp\/v2\/posts"}],"about":[{"href":"https:\/\/www.informasaoroque.com.br\/informasaoroque\/wp-json\/wp\/v2\/types\/post"}],"author":[{"embeddable":true,"href":"https:\/\/www.informasaoroque.com.br\/informasaoroque\/wp-json\/wp\/v2\/users\/3"}],"replies":[{"embeddable":true,"href":"https:\/\/www.informasaoroque.com.br\/informasaoroque\/wp-json\/wp\/v2\/comments?post=37796"}],"version-history":[{"count":8,"href":"https:\/\/www.informasaoroque.com.br\/informasaoroque\/wp-json\/wp\/v2\/posts\/37796\/revisions"}],"predecessor-version":[{"id":37805,"href":"https:\/\/www.informasaoroque.com.br\/informasaoroque\/wp-json\/wp\/v2\/posts\/37796\/revisions\/37805"}],"wp:featuredmedia":[{"embeddable":true,"href":"https:\/\/www.informasaoroque.com.br\/informasaoroque\/wp-json\/wp\/v2\/media\/37798"}],"wp:attachment":[{"href":"https:\/\/www.informasaoroque.com.br\/informasaoroque\/wp-json\/wp\/v2\/media?parent=37796"}],"wp:term":[{"taxonomy":"category","embeddable":true,"href":"https:\/\/www.informasaoroque.com.br\/informasaoroque\/wp-json\/wp\/v2\/categories?post=37796"},{"taxonomy":"post_tag","embeddable":true,"href":"https:\/\/www.informasaoroque.com.br\/informasaoroque\/wp-json\/wp\/v2\/tags?post=37796"}],"curies":[{"name":"wp","href":"https:\/\/api.w.org\/{rel}","templated":true}]}}